{"id":3740,"date":"2017-09-12T20:44:30","date_gmt":"2017-09-12T20:44:30","guid":{"rendered":"http:\/\/blogdareitora.ifac.edu.br\/?p=3740"},"modified":"2017-09-12T20:44:30","modified_gmt":"2017-09-12T20:44:30","slug":"audiencia-publica-na-camara-dos-deputados","status":"publish","type":"post","link":"https:\/\/web.ifac.edu.br\/reitora\/2017\/09\/12\/audiencia-publica-na-camara-dos-deputados\/","title":{"rendered":"Audi\u00eancia p\u00fablica na C\u00e2mara dos Deputados"},"content":{"rendered":"<p><img fetchpriority=\"high\" decoding=\"async\" class=\"aligncenter size-full wp-image-3741\" src=\"http:\/\/web.ifac.edu.br\/reitora\/wp-content\/uploads\/sites\/30\/2017\/09\/WhatsApp-Image-2017-09-12-at-14.23.26.jpeg\" alt=\"\" width=\"1280\" height=\"960\" \/><\/p>\n<p style=\"text-align: justify\">Estou participando agora da audi\u00eancia p\u00fablica na C\u00e2mara dos Deputados sobre os cortes or\u00e7ament\u00e1rios promovidos pelo Governo Federal e que atingiram diretamente os Institutos Federais do Brasil.<\/p>\n<p><img decoding=\"async\" class=\" wp-image-3742 alignleft\" src=\"http:\/\/web.ifac.edu.br\/reitora\/wp-content\/uploads\/sites\/30\/2017\/09\/WhatsApp-Image-2017-09-12-at-14.23.19.jpeg\" alt=\"\" width=\"346\" height=\"259\" \/><\/p>\n<p style=\"text-align: justify\">Precisamos defender nossa institui\u00e7\u00e3o. Precisamos de recurso para continuar trabalhando por uma boa educa\u00e7\u00e3o. Acompanhe a transmiss\u00e3o ao vivo da reuni\u00e3o aqui &gt;&gt;\u00a0<a href=\"https:\/\/l.facebook.com\/l.php?u=https%3A%2F%2Fgoo.gl%2FqMncJ4&amp;h=ATOyWyvTZZ9eo1l_P4WOj6DV6JYfSbm5idoOWelCroBEkUEo-HhJUq2jdQT4sqMAte0BwlEisKnbAleuvpZllzwRNneVaxVHIHYFo0ovzF2AyzF77gIM2KjtuPEoNHtrZFx1j1fpX9TYBOsa2-mG8tPpxhvwK08M9ZrUfkKYXnGlRQKa-89QDnro16_gn0DwT0LdSWJ_35TVSe69fKlfrwuz8NlSA8Gl2g_xnmyubzV45BfmFtayqIqLzHkKA9OdWNK2nmDXDTpg71u6wlxZH8gX0Ek2HBZt2BciH-PNhUk\" target=\"_blank\" rel=\"noopener\">https:\/\/goo.gl\/qMncJ4<\/a>.<\/p>\n<p style=\"text-align: justify\">Estamos trabalhando e cobrando o que \u00e9 nosso direito. Durante esta semana postarei aqui meu pronunciamento feito durante a audi\u00eancia para que voc\u00eas tamb\u00e9m conhe\u00e7am a realidade do Ifac.<a class=\"_58cn\" href=\"https:\/\/www.facebook.com\/hashtag\/juntossomosmaisfortes?source=feed_text&amp;story_id=1471613589804299\"><span class=\"_5afx\"><span class=\"_58cl _5afz\">#<\/span><span class=\"_58cm\">JuntosSomosMaisFortes<\/span><\/span><\/a><\/p>\n<p>Veja tamb\u00e9m o v\u00eddeo do meu pronunciamento durante a reuni\u00e3o p\u00fablica realizada em Bras\u00edlia, nesta ter\u00e7a-feira (12.09).<\/p>\n<div style=\"width: 625px;\" class=\"wp-video\"><video class=\"wp-video-shortcode\" id=\"video-3740-1\" width=\"625\" height=\"351\" preload=\"metadata\" controls=\"controls\"><source type=\"video\/mp4\" src=\"http:\/\/web.ifac.edu.br\/reitora\/wp-content\/uploads\/sites\/30\/2017\/09\/rosana_camara_deputados.mp4?_=1\" \/><a href=\"http:\/\/web.ifac.edu.br\/reitora\/wp-content\/uploads\/sites\/30\/2017\/09\/rosana_camara_deputados.mp4\">http:\/\/web.ifac.edu.br\/reitora\/wp-content\/uploads\/sites\/30\/2017\/09\/rosana_camara_deputados.mp4<\/a><\/video><\/div>\n<p>Abaixo segue o v\u00eddeo do meu pronunciamento para encerramento da reuni\u00e3o p\u00fablica realizada em Bras\u00edlia, nesta ter\u00e7a-feira (12.09).<\/p>\n<div style=\"width: 625px;\" class=\"wp-video\"><video class=\"wp-video-shortcode\" id=\"video-3740-2\" width=\"625\" height=\"351\" preload=\"metadata\" controls=\"controls\"><source type=\"video\/mp4\" src=\"http:\/\/web.ifac.edu.br\/reitora\/wp-content\/uploads\/sites\/30\/2017\/09\/rosana_camara_deputados_encerramento.mp4?_=2\" \/><a href=\"http:\/\/web.ifac.edu.br\/reitora\/wp-content\/uploads\/sites\/30\/2017\/09\/rosana_camara_deputados_encerramento.mp4\">http:\/\/web.ifac.edu.br\/reitora\/wp-content\/uploads\/sites\/30\/2017\/09\/rosana_camara_deputados_encerramento.mp4<\/a><\/video><\/div>\n","protected":false},"excerpt":{"rendered":"<p>Estou participando agora da audi\u00eancia p\u00fablica na C\u00e2mara dos Deputados sobre os cortes or\u00e7ament\u00e1rios promovidos pelo Governo Federal e que atingiram diretamente os Institutos Federais do Brasil. Precisamos defender nossa institui\u00e7\u00e3o. Precisamos de recurso para continuar trabalhando por uma boa educa\u00e7\u00e3o. Acompanhe a transmiss\u00e3o ao vivo da reuni\u00e3o aqui &gt;&gt;\u00a0https:\/\/goo.gl\/qMncJ4. Estamos trabalhando e cobrando o [&hellip;]<\/p>\n","protected":false},"author":16,"featured_media":0,"comment_status":"closed","ping_status":"open","sticky":false,"template":"","format":"standard","meta":{"footnotes":""},"categories":[2],"tags":[],"class_list":["post-3740","post","type-post","status-publish","format-standard","hentry","category-noticias"],"_links":{"self":[{"href":"https:\/\/web.ifac.edu.br\/reitora\/wp-json\/wp\/v2\/posts\/3740","targetHints":{"allow":["GET"]}}],"collection":[{"href":"https:\/\/web.ifac.edu.br\/reitora\/wp-json\/wp\/v2\/posts"}],"about":[{"href":"https:\/\/web.ifac.edu.br\/reitora\/wp-json\/wp\/v2\/types\/post"}],"author":[{"embeddable":true,"href":"https:\/\/web.ifac.edu.br\/reitora\/wp-json\/wp\/v2\/users\/16"}],"replies":[{"embeddable":true,"href":"https:\/\/web.ifac.edu.br\/reitora\/wp-json\/wp\/v2\/comments?post=3740"}],"version-history":[{"count":0,"href":"https:\/\/web.ifac.edu.br\/reitora\/wp-json\/wp\/v2\/posts\/3740\/revisions"}],"wp:attachment":[{"href":"https:\/\/web.ifac.edu.br\/reitora\/wp-json\/wp\/v2\/media?parent=3740"}],"wp:term":[{"taxonomy":"category","embeddable":true,"href":"https:\/\/web.ifac.edu.br\/reitora\/wp-json\/wp\/v2\/categories?post=3740"},{"taxonomy":"post_tag","embeddable":true,"href":"https:\/\/web.ifac.edu.br\/reitora\/wp-json\/wp\/v2\/tags?post=3740"}],"curies":[{"name":"wp","href":"https:\/\/api.w.org\/{rel}","templated":true}]}}