{"id":3726,"date":"2017-08-30T13:56:20","date_gmt":"2017-08-30T13:56:20","guid":{"rendered":"http:\/\/blogdareitora.ifac.edu.br\/?p=3726"},"modified":"2017-08-30T13:56:20","modified_gmt":"2017-08-30T13:56:20","slug":"mocao-de-reconhecimento-do-campus-tarauaca","status":"publish","type":"post","link":"https:\/\/web.ifac.edu.br\/reitora\/2017\/08\/30\/mocao-de-reconhecimento-do-campus-tarauaca\/","title":{"rendered":"Mo\u00e7\u00e3o de reconhecimento do campus Tarauac\u00e1"},"content":{"rendered":"<p><img fetchpriority=\"high\" decoding=\"async\" class=\"size-full wp-image-3728 alignleft\" src=\"http:\/\/web.ifac.edu.br\/reitora\/wp-content\/uploads\/sites\/30\/2017\/09\/mocao_2.jpg\" alt=\"\" width=\"960\" height=\"720\" \/><\/p>\n<p style=\"text-align: justify\">Saber que nosso trabalho tem feito a diferen\u00e7a \u00e9 muito gratificante. No dia 29 de agosto, eu e o professor S\u00e9rgio Fl\u00f3rido, diretor do campus Tarauac\u00e1, recebemos uma mo\u00e7\u00e3o de reconhecimento e aplauso pelos servi\u00e7os prestados para a comunidade.<\/p>\n<p><img decoding=\"async\" class=\" wp-image-3729 alignleft\" src=\"http:\/\/web.ifac.edu.br\/reitora\/wp-content\/uploads\/sites\/30\/2017\/09\/mocao_3.jpg\" alt=\"\" width=\"350\" height=\"262\" \/><\/p>\n<p style=\"text-align: justify\">Desde 2013, com a instala\u00e7\u00e3o do Ifac no munic\u00edpio, temos levado mais conhecimento, al\u00e9m da garantia de uma educa\u00e7\u00e3o profissional, cient\u00edfica e tecnol\u00f3gica, com a\u00e7\u00f5es voltadas \u00e0 forma\u00e7\u00e3o cidad\u00e3 e inclus\u00e3o social.<\/p>\n<p style=\"text-align: justify\">Ficamos bastante gratos com a homenagem, de autoria do vereador Ant\u00f4nio Araujo, pois isso tamb\u00e9m acaba sendo reflexo do compromisso que os gestores do munic\u00edpio tem para com a educa\u00e7\u00e3o.<\/p>\n<p><img decoding=\"async\" class=\"aligncenter size-full wp-image-3730\" src=\"http:\/\/web.ifac.edu.br\/reitora\/wp-content\/uploads\/sites\/30\/2017\/09\/mocao_4.jpg\" alt=\"\" width=\"960\" height=\"720\" \/><\/p>\n","protected":false},"excerpt":{"rendered":"<p>Saber que nosso trabalho tem feito a diferen\u00e7a \u00e9 muito gratificante. No dia 29 de agosto, eu e o professor S\u00e9rgio Fl\u00f3rido, diretor do campus Tarauac\u00e1, recebemos uma mo\u00e7\u00e3o de reconhecimento e aplauso pelos servi\u00e7os prestados para a comunidade. Desde 2013, com a instala\u00e7\u00e3o do Ifac no munic\u00edpio, temos levado mais conhecimento, al\u00e9m da garantia [&hellip;]<\/p>\n","protected":false},"author":16,"featured_media":0,"comment_status":"closed","ping_status":"open","sticky":false,"template":"","format":"standard","meta":{"footnotes":""},"categories":[2],"tags":[],"class_list":["post-3726","post","type-post","status-publish","format-standard","hentry","category-noticias"],"_links":{"self":[{"href":"https:\/\/web.ifac.edu.br\/reitora\/wp-json\/wp\/v2\/posts\/3726","targetHints":{"allow":["GET"]}}],"collection":[{"href":"https:\/\/web.ifac.edu.br\/reitora\/wp-json\/wp\/v2\/posts"}],"about":[{"href":"https:\/\/web.ifac.edu.br\/reitora\/wp-json\/wp\/v2\/types\/post"}],"author":[{"embeddable":true,"href":"https:\/\/web.ifac.edu.br\/reitora\/wp-json\/wp\/v2\/users\/16"}],"replies":[{"embeddable":true,"href":"https:\/\/web.ifac.edu.br\/reitora\/wp-json\/wp\/v2\/comments?post=3726"}],"version-history":[{"count":0,"href":"https:\/\/web.ifac.edu.br\/reitora\/wp-json\/wp\/v2\/posts\/3726\/revisions"}],"wp:attachment":[{"href":"https:\/\/web.ifac.edu.br\/reitora\/wp-json\/wp\/v2\/media?parent=3726"}],"wp:term":[{"taxonomy":"category","embeddable":true,"href":"https:\/\/web.ifac.edu.br\/reitora\/wp-json\/wp\/v2\/categories?post=3726"},{"taxonomy":"post_tag","embeddable":true,"href":"https:\/\/web.ifac.edu.br\/reitora\/wp-json\/wp\/v2\/tags?post=3726"}],"curies":[{"name":"wp","href":"https:\/\/api.w.org\/{rel}","templated":true}]}}