{"id":3723,"date":"2017-08-24T16:01:59","date_gmt":"2017-08-24T16:01:59","guid":{"rendered":"http:\/\/blogdareitora.ifac.edu.br\/?p=3723"},"modified":"2017-08-24T16:01:59","modified_gmt":"2017-08-24T16:01:59","slug":"governo-do-estado-do-acre-e-ifac-parceiros-da-educacao","status":"publish","type":"post","link":"https:\/\/web.ifac.edu.br\/reitora\/2017\/08\/24\/governo-do-estado-do-acre-e-ifac-parceiros-da-educacao\/","title":{"rendered":"Governo do Estado do Acre e Ifac parceiros da Educa\u00e7\u00e3o"},"content":{"rendered":"<p style=\"text-align: justify\">Visitei o governador Ti\u00e3o Viana, acompanhada do Pr\u00f3-reitor de Extens\u00e3o, prof. F\u00e1bio Storch, no dia 24, para consolidar a parceria com o Governo do Estado na realiza\u00e7\u00e3o da VI Feira Nacional de Matem\u00e1tica, que est\u00e1 programada para acontecer entre os dias 30 e 31 de maio e 01 de junho de 2018.<br \/>\nO governador Ti\u00e3o Viana refor\u00e7ou seu compromisso em apoiar o evento e elogiando a iniciativa que possibilita aos estudantes o interc\u00e2mbio de conhecimento e cultura.<\/p>\n<div id=\"attachment_3724\" style=\"width: 2010px\" class=\"wp-caption aligncenter\"><img fetchpriority=\"high\" decoding=\"async\" aria-describedby=\"caption-attachment-3724\" class=\"size-full wp-image-3724\" src=\"http:\/\/web.ifac.edu.br\/reitora\/wp-content\/uploads\/sites\/30\/2017\/08\/Secom_Acre_GM24081710522.jpg\" alt=\"\" width=\"2000\" height=\"1333\" \/><p id=\"caption-attachment-3724\" class=\"wp-caption-text\">Foto: Gleilson Miranda\/Secom<\/p><\/div>\n","protected":false},"excerpt":{"rendered":"<p>Visitei o governador Ti\u00e3o Viana, acompanhada do Pr\u00f3-reitor de Extens\u00e3o, prof. F\u00e1bio Storch, no dia 24, para consolidar a parceria com o Governo do Estado na realiza\u00e7\u00e3o da VI Feira Nacional de Matem\u00e1tica, que est\u00e1 programada para acontecer entre os dias 30 e 31 de maio e 01 de junho de 2018. O governador Ti\u00e3o [&hellip;]<\/p>\n","protected":false},"author":16,"featured_media":0,"comment_status":"closed","ping_status":"open","sticky":false,"template":"","format":"standard","meta":{"footnotes":""},"categories":[2],"tags":[],"class_list":["post-3723","post","type-post","status-publish","format-standard","hentry","category-noticias"],"_links":{"self":[{"href":"https:\/\/web.ifac.edu.br\/reitora\/wp-json\/wp\/v2\/posts\/3723","targetHints":{"allow":["GET"]}}],"collection":[{"href":"https:\/\/web.ifac.edu.br\/reitora\/wp-json\/wp\/v2\/posts"}],"about":[{"href":"https:\/\/web.ifac.edu.br\/reitora\/wp-json\/wp\/v2\/types\/post"}],"author":[{"embeddable":true,"href":"https:\/\/web.ifac.edu.br\/reitora\/wp-json\/wp\/v2\/users\/16"}],"replies":[{"embeddable":true,"href":"https:\/\/web.ifac.edu.br\/reitora\/wp-json\/wp\/v2\/comments?post=3723"}],"version-history":[{"count":0,"href":"https:\/\/web.ifac.edu.br\/reitora\/wp-json\/wp\/v2\/posts\/3723\/revisions"}],"wp:attachment":[{"href":"https:\/\/web.ifac.edu.br\/reitora\/wp-json\/wp\/v2\/media?parent=3723"}],"wp:term":[{"taxonomy":"category","embeddable":true,"href":"https:\/\/web.ifac.edu.br\/reitora\/wp-json\/wp\/v2\/categories?post=3723"},{"taxonomy":"post_tag","embeddable":true,"href":"https:\/\/web.ifac.edu.br\/reitora\/wp-json\/wp\/v2\/tags?post=3723"}],"curies":[{"name":"wp","href":"https:\/\/api.w.org\/{rel}","templated":true}]}}