{"id":3720,"date":"2017-08-21T22:14:01","date_gmt":"2017-08-21T22:14:01","guid":{"rendered":"http:\/\/blogdareitora.ifac.edu.br\/?p=3720"},"modified":"2017-08-21T22:14:01","modified_gmt":"2017-08-21T22:14:01","slug":"visita-ao-deputado-federal-leo-de-brito","status":"publish","type":"post","link":"https:\/\/web.ifac.edu.br\/reitora\/2017\/08\/21\/visita-ao-deputado-federal-leo-de-brito\/","title":{"rendered":"Visita ao deputado federal Leo de Brito"},"content":{"rendered":"<p style=\"text-align: justify\">Nesta segunda feira (21.08), visitei o Deputado Federal Leo de Brito para relatar a atual situa\u00e7\u00e3o do Ifac. Falei da import\u00e2ncia de unirmos for\u00e7as em prol da educa\u00e7\u00e3o, principalmente neste momento em que os Institutos Federais passam por cortes financeiros, al\u00e9m de mostrar ao parlamentar o trabalho que temos desenvolvido em nossa institui\u00e7\u00e3o nas \u00e1reas de ensino, pesquisa e extens\u00e3o.<\/p>\n<p style=\"text-align: justify\">Tamb\u00e9m aproveitei a oportunidade para entreg\u00e1-lo um of\u00edcio com o relat\u00f3rio sobre as atuais demandas do Ifac, para que ele possa nos auxiliar com a indica\u00e7\u00e3o de emendas parlamentares.<\/p>\n<p><img fetchpriority=\"high\" decoding=\"async\" class=\"aligncenter size-full wp-image-3721\" src=\"http:\/\/web.ifac.edu.br\/reitora\/wp-content\/uploads\/sites\/30\/2017\/08\/visita_leo.jpeg\" alt=\"\" width=\"767\" height=\"650\" \/><\/p>\n","protected":false},"excerpt":{"rendered":"<p>Nesta segunda feira (21.08), visitei o Deputado Federal Leo de Brito para relatar a atual situa\u00e7\u00e3o do Ifac. Falei da import\u00e2ncia de unirmos for\u00e7as em prol da educa\u00e7\u00e3o, principalmente neste momento em que os Institutos Federais passam por cortes financeiros, al\u00e9m de mostrar ao parlamentar o trabalho que temos desenvolvido em nossa institui\u00e7\u00e3o nas \u00e1reas [&hellip;]<\/p>\n","protected":false},"author":16,"featured_media":0,"comment_status":"closed","ping_status":"open","sticky":false,"template":"","format":"standard","meta":{"footnotes":""},"categories":[2],"tags":[],"class_list":["post-3720","post","type-post","status-publish","format-standard","hentry","category-noticias"],"_links":{"self":[{"href":"https:\/\/web.ifac.edu.br\/reitora\/wp-json\/wp\/v2\/posts\/3720","targetHints":{"allow":["GET"]}}],"collection":[{"href":"https:\/\/web.ifac.edu.br\/reitora\/wp-json\/wp\/v2\/posts"}],"about":[{"href":"https:\/\/web.ifac.edu.br\/reitora\/wp-json\/wp\/v2\/types\/post"}],"author":[{"embeddable":true,"href":"https:\/\/web.ifac.edu.br\/reitora\/wp-json\/wp\/v2\/users\/16"}],"replies":[{"embeddable":true,"href":"https:\/\/web.ifac.edu.br\/reitora\/wp-json\/wp\/v2\/comments?post=3720"}],"version-history":[{"count":0,"href":"https:\/\/web.ifac.edu.br\/reitora\/wp-json\/wp\/v2\/posts\/3720\/revisions"}],"wp:attachment":[{"href":"https:\/\/web.ifac.edu.br\/reitora\/wp-json\/wp\/v2\/media?parent=3720"}],"wp:term":[{"taxonomy":"category","embeddable":true,"href":"https:\/\/web.ifac.edu.br\/reitora\/wp-json\/wp\/v2\/categories?post=3720"},{"taxonomy":"post_tag","embeddable":true,"href":"https:\/\/web.ifac.edu.br\/reitora\/wp-json\/wp\/v2\/tags?post=3720"}],"curies":[{"name":"wp","href":"https:\/\/api.w.org\/{rel}","templated":true}]}}