{"id":3715,"date":"2017-08-25T11:19:23","date_gmt":"2017-08-25T11:19:23","guid":{"rendered":"http:\/\/blogdareitora.ifac.edu.br\/?p=3715"},"modified":"2017-08-25T11:19:23","modified_gmt":"2017-08-25T11:19:23","slug":"boas-vindas-aos-novos-conselheiros-do-conselho-superior","status":"publish","type":"post","link":"https:\/\/web.ifac.edu.br\/reitora\/2017\/08\/25\/boas-vindas-aos-novos-conselheiros-do-conselho-superior\/","title":{"rendered":"Boas-vindas aos novos conselheiros do conselho superior."},"content":{"rendered":"<p style=\"text-align: justify\">Hoje, na 18\u00aa Reuni\u00e3o ordin\u00e1ria do Conselho Superior, realizada na sala de reuni\u00f5es da Reitoria, tivemos a participa\u00e7\u00e3o dos novos conselheiros, Ad\u00e3o Galo e Jo\u00e3o Cabral membros do Sindicato Nacional dos Servidores Federais da Educa\u00e7\u00e3o B\u00e1sica, Profissional e Tecnol\u00f3gica \u2013 Se\u00e7\u00e3o Rio Branco (SINASEFE), representando a Sociedade Civil\/Entidade de Trabalhadores e o novo representante discente, o estudante Aluzano Andr\u00e9 da Silva.<\/p>\n<p>Sejam bem-vindos.<\/p>\n<p><img fetchpriority=\"high\" decoding=\"async\" class=\"aligncenter size-full wp-image-3717\" src=\"http:\/\/web.ifac.edu.br\/reitora\/wp-content\/uploads\/sites\/30\/2017\/08\/consup_2.jpeg\" alt=\"\" width=\"967\" height=\"773\" \/><\/p>\n<p><img decoding=\"async\" class=\"aligncenter size-full wp-image-3716\" src=\"http:\/\/web.ifac.edu.br\/reitora\/wp-content\/uploads\/sites\/30\/2017\/08\/consup_1.jpeg\" alt=\"\" width=\"718\" height=\"575\" \/><\/p>\n<p>&nbsp;<\/p>\n<p>&nbsp;<\/p>\n","protected":false},"excerpt":{"rendered":"<p>Hoje, na 18\u00aa Reuni\u00e3o ordin\u00e1ria do Conselho Superior, realizada na sala de reuni\u00f5es da Reitoria, tivemos a participa\u00e7\u00e3o dos novos conselheiros, Ad\u00e3o Galo e Jo\u00e3o Cabral membros do Sindicato Nacional dos Servidores Federais da Educa\u00e7\u00e3o B\u00e1sica, Profissional e Tecnol\u00f3gica \u2013 Se\u00e7\u00e3o Rio Branco (SINASEFE), representando a Sociedade Civil\/Entidade de Trabalhadores e o novo representante discente, [&hellip;]<\/p>\n","protected":false},"author":16,"featured_media":0,"comment_status":"closed","ping_status":"open","sticky":false,"template":"","format":"standard","meta":{"footnotes":""},"categories":[2],"tags":[],"class_list":["post-3715","post","type-post","status-publish","format-standard","hentry","category-noticias"],"_links":{"self":[{"href":"https:\/\/web.ifac.edu.br\/reitora\/wp-json\/wp\/v2\/posts\/3715","targetHints":{"allow":["GET"]}}],"collection":[{"href":"https:\/\/web.ifac.edu.br\/reitora\/wp-json\/wp\/v2\/posts"}],"about":[{"href":"https:\/\/web.ifac.edu.br\/reitora\/wp-json\/wp\/v2\/types\/post"}],"author":[{"embeddable":true,"href":"https:\/\/web.ifac.edu.br\/reitora\/wp-json\/wp\/v2\/users\/16"}],"replies":[{"embeddable":true,"href":"https:\/\/web.ifac.edu.br\/reitora\/wp-json\/wp\/v2\/comments?post=3715"}],"version-history":[{"count":0,"href":"https:\/\/web.ifac.edu.br\/reitora\/wp-json\/wp\/v2\/posts\/3715\/revisions"}],"wp:attachment":[{"href":"https:\/\/web.ifac.edu.br\/reitora\/wp-json\/wp\/v2\/media?parent=3715"}],"wp:term":[{"taxonomy":"category","embeddable":true,"href":"https:\/\/web.ifac.edu.br\/reitora\/wp-json\/wp\/v2\/categories?post=3715"},{"taxonomy":"post_tag","embeddable":true,"href":"https:\/\/web.ifac.edu.br\/reitora\/wp-json\/wp\/v2\/tags?post=3715"}],"curies":[{"name":"wp","href":"https:\/\/api.w.org\/{rel}","templated":true}]}}