{"id":3694,"date":"2017-08-11T17:19:04","date_gmt":"2017-08-11T17:19:04","guid":{"rendered":"http:\/\/blogdareitora.ifac.edu.br\/?p=3694"},"modified":"2017-08-11T17:19:04","modified_gmt":"2017-08-11T17:19:04","slug":"parabens-a-todos-os-estudantes","status":"publish","type":"post","link":"https:\/\/web.ifac.edu.br\/reitora\/2017\/08\/11\/parabens-a-todos-os-estudantes\/","title":{"rendered":"Parab\u00e9ns a todos os estudantes!"},"content":{"rendered":"<p><img fetchpriority=\"high\" decoding=\"async\" class=\"aligncenter size-full wp-image-3695\" src=\"http:\/\/web.ifac.edu.br\/reitora\/wp-content\/uploads\/sites\/30\/2017\/08\/20776679_1294841713959782_1009141397635398576_o.jpg\" alt=\"\" width=\"2048\" height=\"1536\" \/><br \/>\nHoje \u00e9 o dia daquele que \u00e9 a nossa raz\u00e3o de ser!<br \/>\nO dia daqueles que viram a madrugada, que se esfor\u00e7am pra aprender aquela mat\u00e9ria dif\u00edcil, dia daqueles que percorrem quil\u00f4metros de ramais todos os dias.<br \/>\nHoje \u00e9 dia daquele que busca sempre descobrir coisas novas na ci\u00eancia, que descobre o prazer no aprendizado do ensinar! O dia daqueles que se envolvem at\u00e9 nas atividades al\u00e9m da sala de aula. Daqueles que vemos todos os dias e de quem sentimos falta quando se formam.<\/p>\n<p>Estudante, parab\u00e9ns!<\/p>\n","protected":false},"excerpt":{"rendered":"<p>Hoje \u00e9 o dia daquele que \u00e9 a nossa raz\u00e3o de ser! O dia daqueles que viram a madrugada, que se esfor\u00e7am pra aprender aquela mat\u00e9ria dif\u00edcil, dia daqueles que percorrem quil\u00f4metros de ramais todos os dias. Hoje \u00e9 dia daquele que busca sempre descobrir coisas novas na ci\u00eancia, que descobre o prazer no aprendizado [&hellip;]<\/p>\n","protected":false},"author":16,"featured_media":0,"comment_status":"closed","ping_status":"open","sticky":false,"template":"","format":"standard","meta":{"footnotes":""},"categories":[2],"tags":[],"class_list":["post-3694","post","type-post","status-publish","format-standard","hentry","category-noticias"],"_links":{"self":[{"href":"https:\/\/web.ifac.edu.br\/reitora\/wp-json\/wp\/v2\/posts\/3694","targetHints":{"allow":["GET"]}}],"collection":[{"href":"https:\/\/web.ifac.edu.br\/reitora\/wp-json\/wp\/v2\/posts"}],"about":[{"href":"https:\/\/web.ifac.edu.br\/reitora\/wp-json\/wp\/v2\/types\/post"}],"author":[{"embeddable":true,"href":"https:\/\/web.ifac.edu.br\/reitora\/wp-json\/wp\/v2\/users\/16"}],"replies":[{"embeddable":true,"href":"https:\/\/web.ifac.edu.br\/reitora\/wp-json\/wp\/v2\/comments?post=3694"}],"version-history":[{"count":0,"href":"https:\/\/web.ifac.edu.br\/reitora\/wp-json\/wp\/v2\/posts\/3694\/revisions"}],"wp:attachment":[{"href":"https:\/\/web.ifac.edu.br\/reitora\/wp-json\/wp\/v2\/media?parent=3694"}],"wp:term":[{"taxonomy":"category","embeddable":true,"href":"https:\/\/web.ifac.edu.br\/reitora\/wp-json\/wp\/v2\/categories?post=3694"},{"taxonomy":"post_tag","embeddable":true,"href":"https:\/\/web.ifac.edu.br\/reitora\/wp-json\/wp\/v2\/tags?post=3694"}],"curies":[{"name":"wp","href":"https:\/\/api.w.org\/{rel}","templated":true}]}}