{"id":1431,"date":"2015-07-02T21:10:56","date_gmt":"2015-07-02T21:10:56","guid":{"rendered":"http:\/\/www.ifac.edu.br\/blogdareitora\/?p=1431"},"modified":"2015-07-02T21:10:56","modified_gmt":"2015-07-02T21:10:56","slug":"parceria-com-a-secretaria-de-pequenos-negocios","status":"publish","type":"post","link":"https:\/\/web.ifac.edu.br\/reitora\/2015\/07\/02\/parceria-com-a-secretaria-de-pequenos-negocios\/","title":{"rendered":"Parceria com a Secretaria de Pequenos Neg\u00f3cios"},"content":{"rendered":"<p style=\"text-align: justify\"><a href=\"http:\/\/web.ifac.edu.br\/reitora\/wp-content\/uploads\/sites\/30\/2015\/07\/DSC_0003-Copy.jpg\"><img fetchpriority=\"high\" decoding=\"async\" class=\"aligncenter size-full wp-image-1432\" src=\"http:\/\/web.ifac.edu.br\/reitora\/wp-content\/uploads\/sites\/30\/2015\/07\/DSC_0003-Copy.jpg\" alt=\"DSC_0003 (Copy)\" width=\"579\" height=\"386\" \/><\/a>Visando fortalecer as parcerias com a Secretaria de Estado de Pequenos Neg\u00f3cios, conversamos, eu e o assessor Especial da Reitoria, prof. F\u00e1bio Storch, \u00a0com nosso colega do IFAC, Henry\u00a0<span style=\"color: #545454\">Nogueira, no Gabinete Institucional, dia 29 de junho. Na pauta o apoio da secretaria \u00e0 I Feira de Ci\u00eancias do IFAC, que acontecer\u00e1 no C\u00e2mpus Xapuri e \u00e0s atividades desenvolvidas pela Economia Solid\u00e1ria. Neste \u00faltimo, estamos definindo um Termo de Coopera\u00e7\u00e3o para que a Secretaria de Estado de Pequenos Neg\u00f3cios ajude a consolidar a cooperativa que vai atender a cantina do C\u00e2mpus Xapuri. O secret\u00e1rio Henry tem nos ajudado na realiza\u00e7\u00e3o dos cursos do PRONATEC\/Campo, especialmente no curso de Apicultor, doando as caixas para as atividades pr\u00e1ticas. E por falar em parceria, quero parabenizar o Henry que aniversariou no m\u00eas de junho. \u00a0<\/span><\/p>\n","protected":false},"excerpt":{"rendered":"<p>Visando fortalecer as parcerias com a Secretaria de Estado de Pequenos Neg\u00f3cios, conversamos, eu e o assessor Especial da Reitoria, prof. F\u00e1bio Storch, \u00a0com nosso colega do IFAC, Henry\u00a0Nogueira, no Gabinete Institucional, dia 29 de junho. Na pauta o apoio da secretaria \u00e0 I Feira de Ci\u00eancias do IFAC, que acontecer\u00e1 no C\u00e2mpus Xapuri e [&hellip;]<\/p>\n","protected":false},"author":16,"featured_media":0,"comment_status":"closed","ping_status":"open","sticky":false,"template":"","format":"standard","meta":{"footnotes":""},"categories":[2],"tags":[],"class_list":["post-1431","post","type-post","status-publish","format-standard","hentry","category-noticias"],"_links":{"self":[{"href":"https:\/\/web.ifac.edu.br\/reitora\/wp-json\/wp\/v2\/posts\/1431","targetHints":{"allow":["GET"]}}],"collection":[{"href":"https:\/\/web.ifac.edu.br\/reitora\/wp-json\/wp\/v2\/posts"}],"about":[{"href":"https:\/\/web.ifac.edu.br\/reitora\/wp-json\/wp\/v2\/types\/post"}],"author":[{"embeddable":true,"href":"https:\/\/web.ifac.edu.br\/reitora\/wp-json\/wp\/v2\/users\/16"}],"replies":[{"embeddable":true,"href":"https:\/\/web.ifac.edu.br\/reitora\/wp-json\/wp\/v2\/comments?post=1431"}],"version-history":[{"count":0,"href":"https:\/\/web.ifac.edu.br\/reitora\/wp-json\/wp\/v2\/posts\/1431\/revisions"}],"wp:attachment":[{"href":"https:\/\/web.ifac.edu.br\/reitora\/wp-json\/wp\/v2\/media?parent=1431"}],"wp:term":[{"taxonomy":"category","embeddable":true,"href":"https:\/\/web.ifac.edu.br\/reitora\/wp-json\/wp\/v2\/categories?post=1431"},{"taxonomy":"post_tag","embeddable":true,"href":"https:\/\/web.ifac.edu.br\/reitora\/wp-json\/wp\/v2\/tags?post=1431"}],"curies":[{"name":"wp","href":"https:\/\/api.w.org\/{rel}","templated":true}]}}