{"id":1424,"date":"2015-07-02T21:19:46","date_gmt":"2015-07-02T21:19:46","guid":{"rendered":"http:\/\/www.ifac.edu.br\/blogdareitora\/?p=1424"},"modified":"2015-07-02T21:19:46","modified_gmt":"2015-07-02T21:19:46","slug":"fantastica-a-i-mostra-de-ensino-de-fisica","status":"publish","type":"post","link":"https:\/\/web.ifac.edu.br\/reitora\/2015\/07\/02\/fantastica-a-i-mostra-de-ensino-de-fisica\/","title":{"rendered":"Fant\u00e1stica a I Mostra de Ensino de F\u00edsica"},"content":{"rendered":"<p style=\"text-align: justify\"><a href=\"http:\/\/web.ifac.edu.br\/reitora\/wp-content\/uploads\/sites\/30\/2015\/07\/DSC_0166-Copy.jpg\"><img fetchpriority=\"high\" decoding=\"async\" class=\"aligncenter size-full wp-image-1425\" src=\"http:\/\/web.ifac.edu.br\/reitora\/wp-content\/uploads\/sites\/30\/2015\/07\/DSC_0166-Copy.jpg\" alt=\"DSC_0166 (Copy)\" width=\"579\" height=\"386\" \/><\/a><\/p>\n<p style=\"text-align: justify\">Fiquei encantada\u00a0ao visitar a I Mostra de Ensino de F\u00edsica durante a realiza\u00e7\u00e3o da Reitoria Itinerante no C\u00e2mpus Sena Madureira, no dia 30, com os experimentos apresentados pelos alunos. Vamos fazer tudo para que os experimentos sejam apresentados na I Feira de Ci\u00eancias do IFAC, que ser\u00e1 realizada em setembro, no C\u00e2mpus Xapuri, e do X Connepi, em novembro e dezembro. S\u00e3o iniciativas como estas que valorizam a atividade pr\u00e1tica nos cursos e mostram a import\u00e2ncia dos professores em valorizar as ideias e experi\u00eancias dos alunos. Parab\u00e9ns a profa. Alcilene Balica, a todos os docentes do Curso Superior de Licenciatura em F\u00edsica, \u00e0 dire\u00e7\u00e3o geral do C\u00e2mpus e aos alunos pelos envolvimento.<\/p>\n<p style=\"text-align: justify\"><a href=\"http:\/\/web.ifac.edu.br\/reitora\/wp-content\/uploads\/sites\/30\/2015\/07\/DSC_0192-Copy.jpg\"><img decoding=\"async\" class=\"aligncenter size-full wp-image-1426\" src=\"http:\/\/web.ifac.edu.br\/reitora\/wp-content\/uploads\/sites\/30\/2015\/07\/DSC_0192-Copy.jpg\" alt=\"DSC_0192 (Copy)\" width=\"579\" height=\"386\" \/><\/a><\/p>\n<p style=\"text-align: justify\"><a href=\"http:\/\/web.ifac.edu.br\/reitora\/wp-content\/uploads\/sites\/30\/2015\/07\/DSC_0273-Copy.jpg\"><img decoding=\"async\" class=\"aligncenter size-full wp-image-1427\" src=\"http:\/\/web.ifac.edu.br\/reitora\/wp-content\/uploads\/sites\/30\/2015\/07\/DSC_0273-Copy.jpg\" alt=\"DSC_0273 (Copy)\" width=\"579\" height=\"386\" \/><\/a><\/p>\n<p style=\"text-align: justify\"><a href=\"http:\/\/web.ifac.edu.br\/reitora\/wp-content\/uploads\/sites\/30\/2015\/07\/DSC_0156-Copy.jpg\"><img loading=\"lazy\" decoding=\"async\" class=\"aligncenter size-full wp-image-1428\" src=\"http:\/\/web.ifac.edu.br\/reitora\/wp-content\/uploads\/sites\/30\/2015\/07\/DSC_0156-Copy.jpg\" alt=\"DSC_0156 (Copy)\" width=\"579\" height=\"386\" \/><\/a><\/p>\n<p style=\"text-align: justify\">\n","protected":false},"excerpt":{"rendered":"<p>Fiquei encantada\u00a0ao visitar a I Mostra de Ensino de F\u00edsica durante a realiza\u00e7\u00e3o da Reitoria Itinerante no C\u00e2mpus Sena Madureira, no dia 30, com os experimentos apresentados pelos alunos. Vamos fazer tudo para que os experimentos sejam apresentados na I Feira de Ci\u00eancias do IFAC, que ser\u00e1 realizada em setembro, no C\u00e2mpus Xapuri, e do [&hellip;]<\/p>\n","protected":false},"author":16,"featured_media":0,"comment_status":"closed","ping_status":"open","sticky":false,"template":"","format":"standard","meta":{"footnotes":""},"categories":[2],"tags":[],"class_list":["post-1424","post","type-post","status-publish","format-standard","hentry","category-noticias"],"_links":{"self":[{"href":"https:\/\/web.ifac.edu.br\/reitora\/wp-json\/wp\/v2\/posts\/1424","targetHints":{"allow":["GET"]}}],"collection":[{"href":"https:\/\/web.ifac.edu.br\/reitora\/wp-json\/wp\/v2\/posts"}],"about":[{"href":"https:\/\/web.ifac.edu.br\/reitora\/wp-json\/wp\/v2\/types\/post"}],"author":[{"embeddable":true,"href":"https:\/\/web.ifac.edu.br\/reitora\/wp-json\/wp\/v2\/users\/16"}],"replies":[{"embeddable":true,"href":"https:\/\/web.ifac.edu.br\/reitora\/wp-json\/wp\/v2\/comments?post=1424"}],"version-history":[{"count":0,"href":"https:\/\/web.ifac.edu.br\/reitora\/wp-json\/wp\/v2\/posts\/1424\/revisions"}],"wp:attachment":[{"href":"https:\/\/web.ifac.edu.br\/reitora\/wp-json\/wp\/v2\/media?parent=1424"}],"wp:term":[{"taxonomy":"category","embeddable":true,"href":"https:\/\/web.ifac.edu.br\/reitora\/wp-json\/wp\/v2\/categories?post=1424"},{"taxonomy":"post_tag","embeddable":true,"href":"https:\/\/web.ifac.edu.br\/reitora\/wp-json\/wp\/v2\/tags?post=1424"}],"curies":[{"name":"wp","href":"https:\/\/api.w.org\/{rel}","templated":true}]}}