{"id":1420,"date":"2015-07-02T17:00:04","date_gmt":"2015-07-02T17:00:04","guid":{"rendered":"http:\/\/www.ifac.edu.br\/blogdareitora\/?p=1420"},"modified":"2015-07-02T17:00:04","modified_gmt":"2015-07-02T17:00:04","slug":"reinauguracao-do-campus-xapuri","status":"publish","type":"post","link":"https:\/\/web.ifac.edu.br\/reitora\/2015\/07\/02\/reinauguracao-do-campus-xapuri\/","title":{"rendered":"Reinaugura\u00e7\u00e3o do C\u00e2mpus Xapuri"},"content":{"rendered":"<p style=\"text-align: justify\"><a href=\"http:\/\/web.ifac.edu.br\/reitora\/wp-content\/uploads\/sites\/30\/2015\/07\/Convite-Xapuri-Copy.jpg\"><img fetchpriority=\"high\" decoding=\"async\" class=\"aligncenter size-full wp-image-1421\" src=\"http:\/\/web.ifac.edu.br\/reitora\/wp-content\/uploads\/sites\/30\/2015\/07\/Convite-Xapuri-Copy.jpg\" alt=\"Convite - Xapuri (Copy)\" width=\"600\" height=\"386\" \/><\/a><\/p>\n<p style=\"text-align: justify\">Quero convidar a todos para a reinaugura\u00e7\u00e3o do C\u00e2mpus Xapuri que acontecer\u00e1 nesta sexta-feira, 3, \u00e0s 18 horas. O diretor geral da unidade, prof. Joel Lima, e sua equipe est\u00e3o coordenando a solenidade que ser\u00e1 realizada no audit\u00f3rio constru\u00eddo durante a reforma.<\/p>\n","protected":false},"excerpt":{"rendered":"<p>Quero convidar a todos para a reinaugura\u00e7\u00e3o do C\u00e2mpus Xapuri que acontecer\u00e1 nesta sexta-feira, 3, \u00e0s 18 horas. O diretor geral da unidade, prof. Joel Lima, e sua equipe est\u00e3o coordenando a solenidade que ser\u00e1 realizada no audit\u00f3rio constru\u00eddo durante a reforma.<\/p>\n","protected":false},"author":16,"featured_media":0,"comment_status":"closed","ping_status":"open","sticky":false,"template":"","format":"standard","meta":{"footnotes":""},"categories":[2],"tags":[],"class_list":["post-1420","post","type-post","status-publish","format-standard","hentry","category-noticias"],"_links":{"self":[{"href":"https:\/\/web.ifac.edu.br\/reitora\/wp-json\/wp\/v2\/posts\/1420","targetHints":{"allow":["GET"]}}],"collection":[{"href":"https:\/\/web.ifac.edu.br\/reitora\/wp-json\/wp\/v2\/posts"}],"about":[{"href":"https:\/\/web.ifac.edu.br\/reitora\/wp-json\/wp\/v2\/types\/post"}],"author":[{"embeddable":true,"href":"https:\/\/web.ifac.edu.br\/reitora\/wp-json\/wp\/v2\/users\/16"}],"replies":[{"embeddable":true,"href":"https:\/\/web.ifac.edu.br\/reitora\/wp-json\/wp\/v2\/comments?post=1420"}],"version-history":[{"count":0,"href":"https:\/\/web.ifac.edu.br\/reitora\/wp-json\/wp\/v2\/posts\/1420\/revisions"}],"wp:attachment":[{"href":"https:\/\/web.ifac.edu.br\/reitora\/wp-json\/wp\/v2\/media?parent=1420"}],"wp:term":[{"taxonomy":"category","embeddable":true,"href":"https:\/\/web.ifac.edu.br\/reitora\/wp-json\/wp\/v2\/categories?post=1420"},{"taxonomy":"post_tag","embeddable":true,"href":"https:\/\/web.ifac.edu.br\/reitora\/wp-json\/wp\/v2\/tags?post=1420"}],"curies":[{"name":"wp","href":"https:\/\/api.w.org\/{rel}","templated":true}]}}