{"id":1412,"date":"2015-06-30T14:53:36","date_gmt":"2015-06-30T14:53:36","guid":{"rendered":"http:\/\/www.ifac.edu.br\/blogdareitora\/?p=1412"},"modified":"2015-06-30T14:53:36","modified_gmt":"2015-06-30T14:53:36","slug":"obras-do-campus-sena-madureira","status":"publish","type":"post","link":"https:\/\/web.ifac.edu.br\/reitora\/2015\/06\/30\/obras-do-campus-sena-madureira\/","title":{"rendered":"Obras do C\u00e2mpus Sena Madureira"},"content":{"rendered":"<p style=\"text-align: justify\"><a href=\"http:\/\/web.ifac.edu.br\/reitora\/wp-content\/uploads\/sites\/30\/2015\/06\/Blog-31.jpg\"><img fetchpriority=\"high\" decoding=\"async\" class=\"aligncenter size-full wp-image-1413\" src=\"http:\/\/web.ifac.edu.br\/reitora\/wp-content\/uploads\/sites\/30\/2015\/06\/Blog-31.jpg\" alt=\"Blog (3)\" width=\"545\" height=\"363\" \/><\/a><\/p>\n<p style=\"text-align: justify\">Estamos no C\u00e2mpus Sena Madureira, nesta ter\u00e7a-feira, 30, com a equipe da gest\u00e3o, na Reitoria Itinerante. Fico emocionada todas as vezes em que participo de a\u00e7\u00f5es em Sena Madureira, c\u00e2mpus em que fui lotada como professora de EBTT. Mais feliz, ainda, com a participa\u00e7\u00e3o na Reitoria Itinerante da equipe do Instituto Federal do Amazonas &#8211; IFAM, composta pela Pr\u00f3-reitora de Desenvolvimento Institucional, Ana Maria Alves, representando o Reitor do IFAM, prof. \u00a0Ven\u00e2ncio Castelo Branco; a chefe do departamento de Engenharia, profa. Dra. Ana Maria Dias da Silva; e o presidente da Comiss\u00e3o de Licita\u00e7\u00e3o, economista Marivaldo da Cruz Soares. O motivo da presen\u00e7a da equipe em Sena Madureira, \u00e9 visitar as obras do C\u00e2mpus Sena Madureira, que est\u00e3o paralizadas, para a abertura de licita\u00e7\u00e3o para a conclus\u00e3o das obras. \u00a0Acompanhando a equipe do IFAM, a engenheira do IFAC, Janara Alexandre da Silva Vasconcelos, a quem fa\u00e7o um agradecimento especial, pela forma como conduz a\u00a0Diretoria de Obras e Infraestrutura e seu empenho nas obras do IFAC.<\/p>\n<p style=\"text-align: justify\"><a href=\"http:\/\/web.ifac.edu.br\/reitora\/wp-content\/uploads\/sites\/30\/2015\/06\/Blog-21.jpg\"><img decoding=\"async\" class=\"aligncenter size-full wp-image-1415\" src=\"http:\/\/web.ifac.edu.br\/reitora\/wp-content\/uploads\/sites\/30\/2015\/06\/Blog-21.jpg\" alt=\"Blog (2)\" width=\"545\" height=\"363\" \/><\/a><a href=\"http:\/\/web.ifac.edu.br\/reitora\/wp-content\/uploads\/sites\/30\/2015\/06\/Blog-11.jpg\"><img decoding=\"async\" class=\"aligncenter size-full wp-image-1414\" src=\"http:\/\/web.ifac.edu.br\/reitora\/wp-content\/uploads\/sites\/30\/2015\/06\/Blog-11.jpg\" alt=\"Blog (1)\" width=\"545\" height=\"363\" \/><\/a><\/p>\n<p style=\"text-align: justify\">\n<p style=\"text-align: justify\"><a href=\"http:\/\/web.ifac.edu.br\/reitora\/wp-content\/uploads\/sites\/30\/2015\/06\/Blog-4.jpg\"><img loading=\"lazy\" decoding=\"async\" class=\"aligncenter size-full wp-image-1416\" src=\"http:\/\/web.ifac.edu.br\/reitora\/wp-content\/uploads\/sites\/30\/2015\/06\/Blog-4.jpg\" alt=\"Blog (4)\" width=\"545\" height=\"363\" \/><\/a><\/p>\n","protected":false},"excerpt":{"rendered":"<p>Estamos no C\u00e2mpus Sena Madureira, nesta ter\u00e7a-feira, 30, com a equipe da gest\u00e3o, na Reitoria Itinerante. Fico emocionada todas as vezes em que participo de a\u00e7\u00f5es em Sena Madureira, c\u00e2mpus em que fui lotada como professora de EBTT. Mais feliz, ainda, com a participa\u00e7\u00e3o na Reitoria Itinerante da equipe do Instituto Federal do Amazonas &#8211; [&hellip;]<\/p>\n","protected":false},"author":16,"featured_media":0,"comment_status":"closed","ping_status":"open","sticky":false,"template":"","format":"standard","meta":{"footnotes":""},"categories":[2],"tags":[],"class_list":["post-1412","post","type-post","status-publish","format-standard","hentry","category-noticias"],"_links":{"self":[{"href":"https:\/\/web.ifac.edu.br\/reitora\/wp-json\/wp\/v2\/posts\/1412","targetHints":{"allow":["GET"]}}],"collection":[{"href":"https:\/\/web.ifac.edu.br\/reitora\/wp-json\/wp\/v2\/posts"}],"about":[{"href":"https:\/\/web.ifac.edu.br\/reitora\/wp-json\/wp\/v2\/types\/post"}],"author":[{"embeddable":true,"href":"https:\/\/web.ifac.edu.br\/reitora\/wp-json\/wp\/v2\/users\/16"}],"replies":[{"embeddable":true,"href":"https:\/\/web.ifac.edu.br\/reitora\/wp-json\/wp\/v2\/comments?post=1412"}],"version-history":[{"count":0,"href":"https:\/\/web.ifac.edu.br\/reitora\/wp-json\/wp\/v2\/posts\/1412\/revisions"}],"wp:attachment":[{"href":"https:\/\/web.ifac.edu.br\/reitora\/wp-json\/wp\/v2\/media?parent=1412"}],"wp:term":[{"taxonomy":"category","embeddable":true,"href":"https:\/\/web.ifac.edu.br\/reitora\/wp-json\/wp\/v2\/categories?post=1412"},{"taxonomy":"post_tag","embeddable":true,"href":"https:\/\/web.ifac.edu.br\/reitora\/wp-json\/wp\/v2\/tags?post=1412"}],"curies":[{"name":"wp","href":"https:\/\/api.w.org\/{rel}","templated":true}]}}