{"id":1409,"date":"2015-06-29T11:50:57","date_gmt":"2015-06-29T11:50:57","guid":{"rendered":"http:\/\/www.ifac.edu.br\/blogdareitora\/?p=1409"},"modified":"2015-06-29T11:50:57","modified_gmt":"2015-06-29T11:50:57","slug":"mestrado-em-areas-protegidas-e-unidades-de-conservacao-federais","status":"publish","type":"post","link":"https:\/\/web.ifac.edu.br\/reitora\/2015\/06\/29\/mestrado-em-areas-protegidas-e-unidades-de-conservacao-federais\/","title":{"rendered":"Mestrado em \u00c1reas Protegidas e Unidades de Conserva\u00e7\u00e3o Federais"},"content":{"rendered":"<p style=\"text-align: justify\"><a href=\"http:\/\/web.ifac.edu.br\/reitora\/wp-content\/uploads\/sites\/30\/2015\/06\/Blog4.jpg\"><img fetchpriority=\"high\" decoding=\"async\" class=\"aligncenter size-full wp-image-1410\" src=\"http:\/\/web.ifac.edu.br\/reitora\/wp-content\/uploads\/sites\/30\/2015\/06\/Blog4.jpg\" alt=\"Blog4\" width=\"600\" height=\"400\" \/><\/a><\/p>\n<p style=\"text-align: justify\">Reuni com a coordenadora Regional do ICMbio, Simone Nogueira dos Santos, e com a chefe Substituta da Reserva Extrativista Chico Mendes, \u00cdria de Oliveira Santos, na tarde desta sexta&#8211;feira, 26, para conversar sobre o Mestrado Profissional em \u00c1reas Protegidas, que ser\u00e1 ofertado pelo IFAC em parceria com o INPA e Governo do Estado, atrav\u00e9s da SEMA, Sendens. Al\u00e9m disso, conversamos sobre o Termo de Reciprocidade, que dever\u00e1 ser assinado entre o IFAC e o ICMbio, para pesquisa, atividade de ensino, est\u00e1gio e outras a\u00e7\u00f5es de preserva\u00e7\u00e3o nas unidades de conserva\u00e7\u00e3o federal no Acre.<\/p>\n","protected":false},"excerpt":{"rendered":"<p>Reuni com a coordenadora Regional do ICMbio, Simone Nogueira dos Santos, e com a chefe Substituta da Reserva Extrativista Chico Mendes, \u00cdria de Oliveira Santos, na tarde desta sexta&#8211;feira, 26, para conversar sobre o Mestrado Profissional em \u00c1reas Protegidas, que ser\u00e1 ofertado pelo IFAC em parceria com o INPA e Governo do Estado, atrav\u00e9s da [&hellip;]<\/p>\n","protected":false},"author":16,"featured_media":0,"comment_status":"closed","ping_status":"open","sticky":false,"template":"","format":"standard","meta":{"footnotes":""},"categories":[2],"tags":[],"class_list":["post-1409","post","type-post","status-publish","format-standard","hentry","category-noticias"],"_links":{"self":[{"href":"https:\/\/web.ifac.edu.br\/reitora\/wp-json\/wp\/v2\/posts\/1409","targetHints":{"allow":["GET"]}}],"collection":[{"href":"https:\/\/web.ifac.edu.br\/reitora\/wp-json\/wp\/v2\/posts"}],"about":[{"href":"https:\/\/web.ifac.edu.br\/reitora\/wp-json\/wp\/v2\/types\/post"}],"author":[{"embeddable":true,"href":"https:\/\/web.ifac.edu.br\/reitora\/wp-json\/wp\/v2\/users\/16"}],"replies":[{"embeddable":true,"href":"https:\/\/web.ifac.edu.br\/reitora\/wp-json\/wp\/v2\/comments?post=1409"}],"version-history":[{"count":0,"href":"https:\/\/web.ifac.edu.br\/reitora\/wp-json\/wp\/v2\/posts\/1409\/revisions"}],"wp:attachment":[{"href":"https:\/\/web.ifac.edu.br\/reitora\/wp-json\/wp\/v2\/media?parent=1409"}],"wp:term":[{"taxonomy":"category","embeddable":true,"href":"https:\/\/web.ifac.edu.br\/reitora\/wp-json\/wp\/v2\/categories?post=1409"},{"taxonomy":"post_tag","embeddable":true,"href":"https:\/\/web.ifac.edu.br\/reitora\/wp-json\/wp\/v2\/tags?post=1409"}],"curies":[{"name":"wp","href":"https:\/\/api.w.org\/{rel}","templated":true}]}}