{"id":1406,"date":"2015-06-29T11:48:44","date_gmt":"2015-06-29T11:48:44","guid":{"rendered":"http:\/\/www.ifac.edu.br\/blogdareitora\/?p=1406"},"modified":"2015-06-29T11:48:44","modified_gmt":"2015-06-29T11:48:44","slug":"parceria-com-a-vara-de-execucoes-de-penas-de-medidas-alternativas","status":"publish","type":"post","link":"https:\/\/web.ifac.edu.br\/reitora\/2015\/06\/29\/parceria-com-a-vara-de-execucoes-de-penas-de-medidas-alternativas\/","title":{"rendered":"Parceria com a Vara de Execu\u00e7\u00f5es de Penas de Medidas Alternativas"},"content":{"rendered":"<p style=\"text-align: justify\"><a href=\"http:\/\/web.ifac.edu.br\/reitora\/wp-content\/uploads\/sites\/30\/2015\/06\/Blog3.jpg\"><img fetchpriority=\"high\" decoding=\"async\" class=\"aligncenter size-full wp-image-1407\" src=\"http:\/\/web.ifac.edu.br\/reitora\/wp-content\/uploads\/sites\/30\/2015\/06\/Blog3.jpg\" alt=\"Blog3\" width=\"600\" height=\"400\" \/><\/a><\/p>\n<p style=\"text-align: justify\">Recebemos, eu, a diretora Sist\u00eamica de Projetos Especiais, Jailene Ribeiro e a coordenadora geral do PRONATEC, profa. Alcilene Oliveira Alves, a\u00a0Ju\u00edza Maha Manasfi, titular de Vara de Execu\u00e7\u00f5es de Penas de Medidas Alternativas (VEPMA) da Comarca de Rio Branco e sua equipe, para discutir parcerias entre o IFAC e o Poder Judici\u00e1rio na oferta de cursos para a popula\u00e7\u00e3o carcer\u00e1ria que cumpre penas alternativas. O pr\u00f3ximo passo \u00e9 apresentar o nosso portf\u00f3lio de cursos e os que podem contribuir para a inser\u00e7\u00e3o dos apenados \u00e0 sociedade. Um compromisso do IFAC e da ju\u00edza, que vem visitando as institui\u00e7\u00f5es que atuam na \u00e1rea da Educa\u00e7\u00e3o.<\/p>\n","protected":false},"excerpt":{"rendered":"<p>Recebemos, eu, a diretora Sist\u00eamica de Projetos Especiais, Jailene Ribeiro e a coordenadora geral do PRONATEC, profa. Alcilene Oliveira Alves, a\u00a0Ju\u00edza Maha Manasfi, titular de Vara de Execu\u00e7\u00f5es de Penas de Medidas Alternativas (VEPMA) da Comarca de Rio Branco e sua equipe, para discutir parcerias entre o IFAC e o Poder Judici\u00e1rio na oferta de [&hellip;]<\/p>\n","protected":false},"author":16,"featured_media":0,"comment_status":"closed","ping_status":"open","sticky":false,"template":"","format":"standard","meta":{"footnotes":""},"categories":[2],"tags":[],"class_list":["post-1406","post","type-post","status-publish","format-standard","hentry","category-noticias"],"_links":{"self":[{"href":"https:\/\/web.ifac.edu.br\/reitora\/wp-json\/wp\/v2\/posts\/1406","targetHints":{"allow":["GET"]}}],"collection":[{"href":"https:\/\/web.ifac.edu.br\/reitora\/wp-json\/wp\/v2\/posts"}],"about":[{"href":"https:\/\/web.ifac.edu.br\/reitora\/wp-json\/wp\/v2\/types\/post"}],"author":[{"embeddable":true,"href":"https:\/\/web.ifac.edu.br\/reitora\/wp-json\/wp\/v2\/users\/16"}],"replies":[{"embeddable":true,"href":"https:\/\/web.ifac.edu.br\/reitora\/wp-json\/wp\/v2\/comments?post=1406"}],"version-history":[{"count":0,"href":"https:\/\/web.ifac.edu.br\/reitora\/wp-json\/wp\/v2\/posts\/1406\/revisions"}],"wp:attachment":[{"href":"https:\/\/web.ifac.edu.br\/reitora\/wp-json\/wp\/v2\/media?parent=1406"}],"wp:term":[{"taxonomy":"category","embeddable":true,"href":"https:\/\/web.ifac.edu.br\/reitora\/wp-json\/wp\/v2\/categories?post=1406"},{"taxonomy":"post_tag","embeddable":true,"href":"https:\/\/web.ifac.edu.br\/reitora\/wp-json\/wp\/v2\/tags?post=1406"}],"curies":[{"name":"wp","href":"https:\/\/api.w.org\/{rel}","templated":true}]}}