{"id":1396,"date":"2015-06-28T23:16:20","date_gmt":"2015-06-28T23:16:20","guid":{"rendered":"http:\/\/www.ifac.edu.br\/blogdareitora\/?p=1396"},"modified":"2015-06-28T23:16:20","modified_gmt":"2015-06-28T23:16:20","slug":"pronatecifac-presente-no-jurua","status":"publish","type":"post","link":"https:\/\/web.ifac.edu.br\/reitora\/2015\/06\/28\/pronatecifac-presente-no-jurua\/","title":{"rendered":"PRONATEC\/IFAC presente no Juru\u00e1"},"content":{"rendered":"<p><a href=\"http:\/\/web.ifac.edu.br\/reitora\/wp-content\/uploads\/sites\/30\/2015\/06\/Certifica\u00e7\u00e3o_CZS3.jpg\"><img fetchpriority=\"high\" decoding=\"async\" class=\"aligncenter size-full wp-image-1397\" src=\"http:\/\/web.ifac.edu.br\/reitora\/wp-content\/uploads\/sites\/30\/2015\/06\/Certifica\u00e7\u00e3o_CZS3.jpg\" alt=\"Certifica\u00e7\u00e3o_CZS3\" width=\"545\" height=\"363\" \/><\/a><\/p>\n<p style=\"text-align: justify\">Participei da certifica\u00e7\u00e3o do PRONATEC\/Mulheres Mil, PRONATEC\/Campo e PRONATEC\/Servi\u00e7os P\u00fablicos, realizada na ter\u00e7a-feira, 23, no Centro Recreativo dos Policiais Militares de Cruzeiro do Sul. Foi um momento especial, em que certificamos mais de 20 cursos, dentre eles Camareira em Meio de Hospedagem, Cuidadora de Idoso e Cuidadora Infantil, Preparadora de Doces e Conservas, Apicultor, Avicultor, Horticultor Org\u00e2nico e Operador de Processamento de Pescado. Nos servi\u00e7os p\u00fablicos, oferecidos para os servidores do IFAC, foram certificados os alunos dos cursos de Organizador de Eventos, Introdu\u00e7\u00e3o a Libras, Ingl\u00eas e Espanhol B\u00e1sico. Quero agradecer aos demandantes como a SEAPROF do PRONATEC\/Campo, a ACESSUAS do PRONATEC\/Mulheres Mil, que estiveram representados na solenidade pelo Sr. Jone Lobato Amaral e Adriana Miranda. Parab\u00e9ns \u00e0 coordenadora adjunta do Vale do Juru\u00e1, profa. Aline Maria da Silva e sua equipe, pelo excelente trabalho, e ao diretor geral do C\u00e2mpus Cruzeiro do Sul, prof. Marcondes Nic\u00e1cio, pelo apoio.<\/p>\n<p style=\"text-align: justify\"><a href=\"http:\/\/web.ifac.edu.br\/reitora\/wp-content\/uploads\/sites\/30\/2015\/06\/Certifica\u00e7\u00e3o_CZS.jpg\"><img decoding=\"async\" class=\"aligncenter size-full wp-image-1398\" src=\"http:\/\/web.ifac.edu.br\/reitora\/wp-content\/uploads\/sites\/30\/2015\/06\/Certifica\u00e7\u00e3o_CZS.jpg\" alt=\"Certifica\u00e7\u00e3o_CZS\" width=\"545\" height=\"363\" \/><\/a> <a href=\"http:\/\/web.ifac.edu.br\/reitora\/wp-content\/uploads\/sites\/30\/2015\/06\/Certifica\u00e7\u00e3o_CZS1.jpg\"><img decoding=\"async\" class=\"aligncenter size-full wp-image-1399\" src=\"http:\/\/web.ifac.edu.br\/reitora\/wp-content\/uploads\/sites\/30\/2015\/06\/Certifica\u00e7\u00e3o_CZS1.jpg\" alt=\"Certifica\u00e7\u00e3o_CZS1\" width=\"525\" height=\"363\" \/><\/a> <a href=\"http:\/\/web.ifac.edu.br\/reitora\/wp-content\/uploads\/sites\/30\/2015\/06\/Certifica\u00e7\u00e3o_CZS2.jpg\"><img loading=\"lazy\" decoding=\"async\" class=\"aligncenter size-full wp-image-1400\" src=\"http:\/\/web.ifac.edu.br\/reitora\/wp-content\/uploads\/sites\/30\/2015\/06\/Certifica\u00e7\u00e3o_CZS2.jpg\" alt=\"Certifica\u00e7\u00e3o_CZS2\" width=\"545\" height=\"363\" \/><\/a><\/p>\n","protected":false},"excerpt":{"rendered":"<p>Participei da certifica\u00e7\u00e3o do PRONATEC\/Mulheres Mil, PRONATEC\/Campo e PRONATEC\/Servi\u00e7os P\u00fablicos, realizada na ter\u00e7a-feira, 23, no Centro Recreativo dos Policiais Militares de Cruzeiro do Sul. Foi um momento especial, em que certificamos mais de 20 cursos, dentre eles Camareira em Meio de Hospedagem, Cuidadora de Idoso e Cuidadora Infantil, Preparadora de Doces e Conservas, Apicultor, Avicultor, [&hellip;]<\/p>\n","protected":false},"author":16,"featured_media":0,"comment_status":"closed","ping_status":"open","sticky":false,"template":"","format":"standard","meta":{"footnotes":""},"categories":[2],"tags":[],"class_list":["post-1396","post","type-post","status-publish","format-standard","hentry","category-noticias"],"_links":{"self":[{"href":"https:\/\/web.ifac.edu.br\/reitora\/wp-json\/wp\/v2\/posts\/1396","targetHints":{"allow":["GET"]}}],"collection":[{"href":"https:\/\/web.ifac.edu.br\/reitora\/wp-json\/wp\/v2\/posts"}],"about":[{"href":"https:\/\/web.ifac.edu.br\/reitora\/wp-json\/wp\/v2\/types\/post"}],"author":[{"embeddable":true,"href":"https:\/\/web.ifac.edu.br\/reitora\/wp-json\/wp\/v2\/users\/16"}],"replies":[{"embeddable":true,"href":"https:\/\/web.ifac.edu.br\/reitora\/wp-json\/wp\/v2\/comments?post=1396"}],"version-history":[{"count":0,"href":"https:\/\/web.ifac.edu.br\/reitora\/wp-json\/wp\/v2\/posts\/1396\/revisions"}],"wp:attachment":[{"href":"https:\/\/web.ifac.edu.br\/reitora\/wp-json\/wp\/v2\/media?parent=1396"}],"wp:term":[{"taxonomy":"category","embeddable":true,"href":"https:\/\/web.ifac.edu.br\/reitora\/wp-json\/wp\/v2\/categories?post=1396"},{"taxonomy":"post_tag","embeddable":true,"href":"https:\/\/web.ifac.edu.br\/reitora\/wp-json\/wp\/v2\/tags?post=1396"}],"curies":[{"name":"wp","href":"https:\/\/api.w.org\/{rel}","templated":true}]}}