{"id":1389,"date":"2015-06-26T21:39:19","date_gmt":"2015-06-26T21:39:19","guid":{"rendered":"http:\/\/www.ifac.edu.br\/blogdareitora\/?p=1389"},"modified":"2015-06-26T21:39:19","modified_gmt":"2015-06-26T21:39:19","slug":"homenagem-a-servidora-do-ifac","status":"publish","type":"post","link":"https:\/\/web.ifac.edu.br\/reitora\/2015\/06\/26\/homenagem-a-servidora-do-ifac\/","title":{"rendered":"Homenagem \u00e0 servidora do IFAC, Ana G\u00e9ssyka"},"content":{"rendered":"<p style=\"text-align: justify\"><a href=\"http:\/\/web.ifac.edu.br\/reitora\/wp-content\/uploads\/sites\/30\/2015\/06\/Semin\u00e1rio-Chandless-8-Copy.jpg\"><img fetchpriority=\"high\" decoding=\"async\" class=\"aligncenter size-full wp-image-1391\" src=\"http:\/\/web.ifac.edu.br\/reitora\/wp-content\/uploads\/sites\/30\/2015\/06\/Semin\u00e1rio-Chandless-8-Copy.jpg\" alt=\"Semin\u00e1rio Chandless (8) (Copy)\" width=\"600\" height=\"400\" \/><\/a><\/p>\n<p style=\"text-align: justify\">Durante a realiza\u00e7\u00e3o do Semin\u00e1rio \u201c10 anos Parque Estadual Chandless: Eu Escolhi Conservar\u201d,\u00a0a nossa servidora e chefe do Gabinete Institucional Substituta do IFAC, Ana G\u00e9ssyka Carvalho, foi homenageada com um certificado pela sua participa\u00e7\u00e3o como t\u00e9cnica em gest\u00e3o p\u00fablica da SEMA, no Departamento de \u00c1reas Protegidas, como membro da equipe de Gest\u00e3o do Parque Estadual Chandless. Uma homenagem muito \u00a0especial para quem auxiliou na finaliza\u00e7\u00e3o da Elabora\u00e7\u00e3o do Plano de Manejo, na cria\u00e7\u00e3o do Conselho Gestor e Implanta\u00e7\u00e3o da Sede, bem como apoiava na \u00a0cria\u00e7\u00e3o e implementa\u00e7\u00e3o das demais Unidades de Conserva\u00e7\u00e3o Estaduais. Parab\u00e9ns, Ana G\u00e9ssyka.<\/p>\n<p style=\"text-align: justify\"><a href=\"http:\/\/web.ifac.edu.br\/reitora\/wp-content\/uploads\/sites\/30\/2015\/06\/Edgar-e-reitora-Copy.jpg\"><img decoding=\"async\" class=\"aligncenter size-full wp-image-1392\" src=\"http:\/\/web.ifac.edu.br\/reitora\/wp-content\/uploads\/sites\/30\/2015\/06\/Edgar-e-reitora-Copy.jpg\" alt=\"Edgar e reitora (Copy)\" width=\"534\" height=\"400\" \/><\/a><\/p>\n","protected":false},"excerpt":{"rendered":"<p>Durante a realiza\u00e7\u00e3o do Semin\u00e1rio \u201c10 anos Parque Estadual Chandless: Eu Escolhi Conservar\u201d,\u00a0a nossa servidora e chefe do Gabinete Institucional Substituta do IFAC, Ana G\u00e9ssyka Carvalho, foi homenageada com um certificado pela sua participa\u00e7\u00e3o como t\u00e9cnica em gest\u00e3o p\u00fablica da SEMA, no Departamento de \u00c1reas Protegidas, como membro da equipe de Gest\u00e3o do Parque Estadual [&hellip;]<\/p>\n","protected":false},"author":16,"featured_media":0,"comment_status":"closed","ping_status":"open","sticky":false,"template":"","format":"standard","meta":{"footnotes":""},"categories":[2],"tags":[],"class_list":["post-1389","post","type-post","status-publish","format-standard","hentry","category-noticias"],"_links":{"self":[{"href":"https:\/\/web.ifac.edu.br\/reitora\/wp-json\/wp\/v2\/posts\/1389","targetHints":{"allow":["GET"]}}],"collection":[{"href":"https:\/\/web.ifac.edu.br\/reitora\/wp-json\/wp\/v2\/posts"}],"about":[{"href":"https:\/\/web.ifac.edu.br\/reitora\/wp-json\/wp\/v2\/types\/post"}],"author":[{"embeddable":true,"href":"https:\/\/web.ifac.edu.br\/reitora\/wp-json\/wp\/v2\/users\/16"}],"replies":[{"embeddable":true,"href":"https:\/\/web.ifac.edu.br\/reitora\/wp-json\/wp\/v2\/comments?post=1389"}],"version-history":[{"count":0,"href":"https:\/\/web.ifac.edu.br\/reitora\/wp-json\/wp\/v2\/posts\/1389\/revisions"}],"wp:attachment":[{"href":"https:\/\/web.ifac.edu.br\/reitora\/wp-json\/wp\/v2\/media?parent=1389"}],"wp:term":[{"taxonomy":"category","embeddable":true,"href":"https:\/\/web.ifac.edu.br\/reitora\/wp-json\/wp\/v2\/categories?post=1389"},{"taxonomy":"post_tag","embeddable":true,"href":"https:\/\/web.ifac.edu.br\/reitora\/wp-json\/wp\/v2\/tags?post=1389"}],"curies":[{"name":"wp","href":"https:\/\/api.w.org\/{rel}","templated":true}]}}