{"id":1385,"date":"2015-06-26T21:31:32","date_gmt":"2015-06-26T21:31:32","guid":{"rendered":"http:\/\/www.ifac.edu.br\/blogdareitora\/?p=1385"},"modified":"2015-06-26T21:31:32","modified_gmt":"2015-06-26T21:31:32","slug":"seminario-10-anos-do-parque-estadual-chandless","status":"publish","type":"post","link":"https:\/\/web.ifac.edu.br\/reitora\/2015\/06\/26\/seminario-10-anos-do-parque-estadual-chandless\/","title":{"rendered":"Semin\u00e1rio: 10 Anos do Parque Estadual Chandless"},"content":{"rendered":"<p style=\"text-align: justify\"><a href=\"http:\/\/web.ifac.edu.br\/reitora\/wp-content\/uploads\/sites\/30\/2015\/06\/DSC_0024-Copy.jpg\"><img fetchpriority=\"high\" decoding=\"async\" class=\"aligncenter size-full wp-image-1387\" src=\"http:\/\/web.ifac.edu.br\/reitora\/wp-content\/uploads\/sites\/30\/2015\/06\/DSC_0024-Copy.jpg\" alt=\"DSC_0024 (Copy)\" width=\"600\" height=\"400\" \/><\/a><\/p>\n<p style=\"text-align: justify\">Estive nesta sexta-feira, 26, na abertura do Semin\u00e1rio \u201c10 anos Parque Estadual Chandless: Eu Escolhi Conservar\u201d, realizado na Sala Ambiente dos Mestrados da Universidade Federal do Acre \u2013 UFAC. Minha participa\u00e7\u00e3o na solenidade, com as presen\u00e7as do senador Jorge Viana, da vice-reitora Margarida de Aquino, e do reitor Minoru Kinpara, teve como objetivo fortalecer a parceria com a Secretaria Estadual do Meio Ambiente \u2013 SEMA, organizadora do semin\u00e1rio e que \u00e9 parceira na realiza\u00e7\u00e3o do Mestrado Profissional em Gest\u00e3o de \u00c1reas Protegidas no Acre (MPGAP\/Acre). O secret\u00e1rio de Estado de Meio Ambiente, Edgard de Deus,\u00a0tem apoiado essa iniciativa, que conta com a parceria do Governo do Estado, do ICMBio,\u00a0<span style=\"color: #000000\">\u00a0Sendens e da Funda\u00e7\u00e3o de Tecnologia do Acre \u2013 Funtac.<\/span><\/p>\n","protected":false},"excerpt":{"rendered":"<p>Estive nesta sexta-feira, 26, na abertura do Semin\u00e1rio \u201c10 anos Parque Estadual Chandless: Eu Escolhi Conservar\u201d, realizado na Sala Ambiente dos Mestrados da Universidade Federal do Acre \u2013 UFAC. Minha participa\u00e7\u00e3o na solenidade, com as presen\u00e7as do senador Jorge Viana, da vice-reitora Margarida de Aquino, e do reitor Minoru Kinpara, teve como objetivo fortalecer a [&hellip;]<\/p>\n","protected":false},"author":16,"featured_media":0,"comment_status":"closed","ping_status":"open","sticky":false,"template":"","format":"standard","meta":{"footnotes":""},"categories":[2],"tags":[],"class_list":["post-1385","post","type-post","status-publish","format-standard","hentry","category-noticias"],"_links":{"self":[{"href":"https:\/\/web.ifac.edu.br\/reitora\/wp-json\/wp\/v2\/posts\/1385","targetHints":{"allow":["GET"]}}],"collection":[{"href":"https:\/\/web.ifac.edu.br\/reitora\/wp-json\/wp\/v2\/posts"}],"about":[{"href":"https:\/\/web.ifac.edu.br\/reitora\/wp-json\/wp\/v2\/types\/post"}],"author":[{"embeddable":true,"href":"https:\/\/web.ifac.edu.br\/reitora\/wp-json\/wp\/v2\/users\/16"}],"replies":[{"embeddable":true,"href":"https:\/\/web.ifac.edu.br\/reitora\/wp-json\/wp\/v2\/comments?post=1385"}],"version-history":[{"count":0,"href":"https:\/\/web.ifac.edu.br\/reitora\/wp-json\/wp\/v2\/posts\/1385\/revisions"}],"wp:attachment":[{"href":"https:\/\/web.ifac.edu.br\/reitora\/wp-json\/wp\/v2\/media?parent=1385"}],"wp:term":[{"taxonomy":"category","embeddable":true,"href":"https:\/\/web.ifac.edu.br\/reitora\/wp-json\/wp\/v2\/categories?post=1385"},{"taxonomy":"post_tag","embeddable":true,"href":"https:\/\/web.ifac.edu.br\/reitora\/wp-json\/wp\/v2\/tags?post=1385"}],"curies":[{"name":"wp","href":"https:\/\/api.w.org\/{rel}","templated":true}]}}