{"id":1380,"date":"2015-06-25T02:09:18","date_gmt":"2015-06-25T02:09:18","guid":{"rendered":"http:\/\/www.ifac.edu.br\/blogdareitora\/?p=1380"},"modified":"2015-06-25T02:09:18","modified_gmt":"2015-06-25T02:09:18","slug":"encontro-com-alunos-do-campus-cruzeiro-do-sul","status":"publish","type":"post","link":"https:\/\/web.ifac.edu.br\/reitora\/2015\/06\/25\/encontro-com-alunos-do-campus-cruzeiro-do-sul\/","title":{"rendered":"Encontro com alunos do C\u00e2mpus Cruzeiro do Sul"},"content":{"rendered":"<p style=\"text-align: justify\"><a href=\"http:\/\/web.ifac.edu.br\/reitora\/wp-content\/uploads\/sites\/30\/2015\/06\/Blog21.jpg\"><img fetchpriority=\"high\" decoding=\"async\" class=\"aligncenter size-full wp-image-1382\" src=\"http:\/\/web.ifac.edu.br\/reitora\/wp-content\/uploads\/sites\/30\/2015\/06\/Blog21.jpg\" alt=\"Blog2\" width=\"545\" height=\"363\" \/><\/a><\/p>\n<p style=\"text-align: justify\">Durante a realiza\u00e7\u00e3o da Reitoria Itinerante no C\u00e2mpus Cruzeiro do Sul, participei, juntamente com a pr\u00f3-reitora de Ensino, profa. Lucilene Belmiro, a diretora Sist\u00eamica de Assist\u00eancia Estudantil, Taita Lima do Nascimento, e os diretores de\u00a0Administra\u00e7\u00e3o, Manuten\u00e7\u00e3o e Infraestrutura, Raildo da Silva Lopes Medeiros, e a diretora de Ensino, Pesquisa e Extens\u00e3o, Lydia Helena da Silva de Oliveira Mota,\u00a0do encontro com o Gr\u00eamio e alunos. A reuni\u00e3o foi agendada pelo representante dos discentes no Conselho Superior do IFAC, Erisson Diniz. Um encontro para ouvir os alunos, dialogar e mostrar o que temos realizado na Gest\u00e3o do IFAC. Fiquei muito feliz com os encaminhamentos de cada setor, para as demandas apresentadas.<\/p>\n<p style=\"text-align: justify\"><a href=\"http:\/\/web.ifac.edu.br\/reitora\/wp-content\/uploads\/sites\/30\/2015\/06\/Blog12.jpg\"><img decoding=\"async\" class=\"aligncenter size-full wp-image-1383\" src=\"http:\/\/web.ifac.edu.br\/reitora\/wp-content\/uploads\/sites\/30\/2015\/06\/Blog12.jpg\" alt=\"Blog1\" width=\"545\" height=\"363\" \/><\/a><\/p>\n","protected":false},"excerpt":{"rendered":"<p>Durante a realiza\u00e7\u00e3o da Reitoria Itinerante no C\u00e2mpus Cruzeiro do Sul, participei, juntamente com a pr\u00f3-reitora de Ensino, profa. Lucilene Belmiro, a diretora Sist\u00eamica de Assist\u00eancia Estudantil, Taita Lima do Nascimento, e os diretores de\u00a0Administra\u00e7\u00e3o, Manuten\u00e7\u00e3o e Infraestrutura, Raildo da Silva Lopes Medeiros, e a diretora de Ensino, Pesquisa e Extens\u00e3o, Lydia Helena da Silva [&hellip;]<\/p>\n","protected":false},"author":16,"featured_media":0,"comment_status":"closed","ping_status":"open","sticky":false,"template":"","format":"standard","meta":{"footnotes":""},"categories":[2],"tags":[],"class_list":["post-1380","post","type-post","status-publish","format-standard","hentry","category-noticias"],"_links":{"self":[{"href":"https:\/\/web.ifac.edu.br\/reitora\/wp-json\/wp\/v2\/posts\/1380","targetHints":{"allow":["GET"]}}],"collection":[{"href":"https:\/\/web.ifac.edu.br\/reitora\/wp-json\/wp\/v2\/posts"}],"about":[{"href":"https:\/\/web.ifac.edu.br\/reitora\/wp-json\/wp\/v2\/types\/post"}],"author":[{"embeddable":true,"href":"https:\/\/web.ifac.edu.br\/reitora\/wp-json\/wp\/v2\/users\/16"}],"replies":[{"embeddable":true,"href":"https:\/\/web.ifac.edu.br\/reitora\/wp-json\/wp\/v2\/comments?post=1380"}],"version-history":[{"count":0,"href":"https:\/\/web.ifac.edu.br\/reitora\/wp-json\/wp\/v2\/posts\/1380\/revisions"}],"wp:attachment":[{"href":"https:\/\/web.ifac.edu.br\/reitora\/wp-json\/wp\/v2\/media?parent=1380"}],"wp:term":[{"taxonomy":"category","embeddable":true,"href":"https:\/\/web.ifac.edu.br\/reitora\/wp-json\/wp\/v2\/categories?post=1380"},{"taxonomy":"post_tag","embeddable":true,"href":"https:\/\/web.ifac.edu.br\/reitora\/wp-json\/wp\/v2\/tags?post=1380"}],"curies":[{"name":"wp","href":"https:\/\/api.w.org\/{rel}","templated":true}]}}