{"id":1377,"date":"2015-06-22T15:10:15","date_gmt":"2015-06-22T15:10:15","guid":{"rendered":"http:\/\/www.ifac.edu.br\/blogdareitora\/?p=1377"},"modified":"2015-06-22T15:10:15","modified_gmt":"2015-06-22T15:10:15","slug":"ifac-abre-280-vagas-para-cursos-tecnicos","status":"publish","type":"post","link":"https:\/\/web.ifac.edu.br\/reitora\/2015\/06\/22\/ifac-abre-280-vagas-para-cursos-tecnicos\/","title":{"rendered":"IFAC abre 280 vagas para Cursos T\u00e9cnicos"},"content":{"rendered":"<p style=\"text-align: justify\"><a href=\"http:\/\/web.ifac.edu.br\/reitora\/wp-content\/uploads\/sites\/30\/2015\/06\/processo-seletivo-2015-2_blog.jpg\"><img fetchpriority=\"high\" decoding=\"async\" class=\"aligncenter size-full wp-image-1378\" src=\"http:\/\/web.ifac.edu.br\/reitora\/wp-content\/uploads\/sites\/30\/2015\/06\/processo-seletivo-2015-2_blog.jpg\" alt=\"processo seletivo 2015-2_blog\" width=\"600\" height=\"257\" \/><\/a><\/p>\n<p style=\"text-align: justify\">Est\u00e3o abertas as inscri\u00e7\u00f5es para o Processo Seletivo 2015.2 para Ingresso nos Cursos T\u00e9cnicos do IFAC. Ser\u00e3o ofertadas um total de 280 vagas para cursos t\u00e9cnicos, na modalidade presencial, com in\u00edcio das aulas para o segundo semestre de 2015. As vagas s\u00e3o para os C\u00e2mpus do IFAC em Rio Branco e Sena Madureira.<\/p>\n<p><a href=\"http:\/\/www.ifac.edu.br\/index.php?option=com_content&amp;view=frontpage&amp;Itemid=434\"><span style=\"color: #0000ff\">Acesse aqui o site do Processo Seletivo<\/span><\/a><\/p>\n","protected":false},"excerpt":{"rendered":"<p>Est\u00e3o abertas as inscri\u00e7\u00f5es para o Processo Seletivo 2015.2 para Ingresso nos Cursos T\u00e9cnicos do IFAC. Ser\u00e3o ofertadas um total de 280 vagas para cursos t\u00e9cnicos, na modalidade presencial, com in\u00edcio das aulas para o segundo semestre de 2015. As vagas s\u00e3o para os C\u00e2mpus do IFAC em Rio Branco e Sena Madureira. Acesse aqui [&hellip;]<\/p>\n","protected":false},"author":16,"featured_media":0,"comment_status":"closed","ping_status":"open","sticky":false,"template":"","format":"standard","meta":{"footnotes":""},"categories":[2],"tags":[],"class_list":["post-1377","post","type-post","status-publish","format-standard","hentry","category-noticias"],"_links":{"self":[{"href":"https:\/\/web.ifac.edu.br\/reitora\/wp-json\/wp\/v2\/posts\/1377","targetHints":{"allow":["GET"]}}],"collection":[{"href":"https:\/\/web.ifac.edu.br\/reitora\/wp-json\/wp\/v2\/posts"}],"about":[{"href":"https:\/\/web.ifac.edu.br\/reitora\/wp-json\/wp\/v2\/types\/post"}],"author":[{"embeddable":true,"href":"https:\/\/web.ifac.edu.br\/reitora\/wp-json\/wp\/v2\/users\/16"}],"replies":[{"embeddable":true,"href":"https:\/\/web.ifac.edu.br\/reitora\/wp-json\/wp\/v2\/comments?post=1377"}],"version-history":[{"count":0,"href":"https:\/\/web.ifac.edu.br\/reitora\/wp-json\/wp\/v2\/posts\/1377\/revisions"}],"wp:attachment":[{"href":"https:\/\/web.ifac.edu.br\/reitora\/wp-json\/wp\/v2\/media?parent=1377"}],"wp:term":[{"taxonomy":"category","embeddable":true,"href":"https:\/\/web.ifac.edu.br\/reitora\/wp-json\/wp\/v2\/categories?post=1377"},{"taxonomy":"post_tag","embeddable":true,"href":"https:\/\/web.ifac.edu.br\/reitora\/wp-json\/wp\/v2\/tags?post=1377"}],"curies":[{"name":"wp","href":"https:\/\/api.w.org\/{rel}","templated":true}]}}