{"id":1374,"date":"2015-06-22T15:08:12","date_gmt":"2015-06-22T15:08:12","guid":{"rendered":"http:\/\/www.ifac.edu.br\/blogdareitora\/?p=1374"},"modified":"2015-06-22T15:08:12","modified_gmt":"2015-06-22T15:08:12","slug":"certificacao-dos-servidores-do-ifac","status":"publish","type":"post","link":"https:\/\/web.ifac.edu.br\/reitora\/2015\/06\/22\/certificacao-dos-servidores-do-ifac\/","title":{"rendered":"Certifica\u00e7\u00e3o dos servidores do IFAC"},"content":{"rendered":"<p style=\"text-align: justify\"><a href=\"http:\/\/web.ifac.edu.br\/reitora\/wp-content\/uploads\/sites\/30\/2015\/06\/Certifica\u00e7\u00e3o_servi\u00e7os_blog.jpg\"><img fetchpriority=\"high\" decoding=\"async\" class=\"aligncenter size-full wp-image-1375\" src=\"http:\/\/web.ifac.edu.br\/reitora\/wp-content\/uploads\/sites\/30\/2015\/06\/Certifica\u00e7\u00e3o_servi\u00e7os_blog.jpg\" alt=\"Certifica\u00e7\u00e3o_servi\u00e7os_blog\" width=\"600\" height=\"208\" \/><\/a><\/p>\n<p style=\"text-align: justify\">Aconteceu na sexta-feira, 19, a certifica\u00e7\u00e3o dos cursos do Pronatec (Servi\u00e7os P\u00fablicos), em que os servidores do IFAC receberam capacita\u00e7\u00e3o em v\u00e1rias \u00e1reas, para atua\u00e7\u00e3o nos setores em que atuam, como auxiliar de biblioteca, cerimonialista e mestre de cerim\u00f4nias, espanhol e ingl\u00eas b\u00e1sico, organizador de eventos e introdu\u00e7\u00e3o \u00e0 interpreta\u00e7\u00e3o em l\u00edngua brasileira de sinais. Uma conquista dessa gest\u00e3o, com o apoio da Pr\u00f3-reitoria de Gest\u00e3o de Pessoas, e da coordena\u00e7\u00e3o geral do Pronatec. O prof. F\u00e1bio Storch de Oliveira esteve me representando, pois estava participando da reuni\u00e3o do Conselho Superior. Parab\u00e9ns a todos os servidores que conclu\u00edram os cursos.<\/p>\n","protected":false},"excerpt":{"rendered":"<p>Aconteceu na sexta-feira, 19, a certifica\u00e7\u00e3o dos cursos do Pronatec (Servi\u00e7os P\u00fablicos), em que os servidores do IFAC receberam capacita\u00e7\u00e3o em v\u00e1rias \u00e1reas, para atua\u00e7\u00e3o nos setores em que atuam, como auxiliar de biblioteca, cerimonialista e mestre de cerim\u00f4nias, espanhol e ingl\u00eas b\u00e1sico, organizador de eventos e introdu\u00e7\u00e3o \u00e0 interpreta\u00e7\u00e3o em l\u00edngua brasileira de sinais. [&hellip;]<\/p>\n","protected":false},"author":16,"featured_media":0,"comment_status":"closed","ping_status":"open","sticky":false,"template":"","format":"standard","meta":{"footnotes":""},"categories":[2],"tags":[],"class_list":["post-1374","post","type-post","status-publish","format-standard","hentry","category-noticias"],"_links":{"self":[{"href":"https:\/\/web.ifac.edu.br\/reitora\/wp-json\/wp\/v2\/posts\/1374","targetHints":{"allow":["GET"]}}],"collection":[{"href":"https:\/\/web.ifac.edu.br\/reitora\/wp-json\/wp\/v2\/posts"}],"about":[{"href":"https:\/\/web.ifac.edu.br\/reitora\/wp-json\/wp\/v2\/types\/post"}],"author":[{"embeddable":true,"href":"https:\/\/web.ifac.edu.br\/reitora\/wp-json\/wp\/v2\/users\/16"}],"replies":[{"embeddable":true,"href":"https:\/\/web.ifac.edu.br\/reitora\/wp-json\/wp\/v2\/comments?post=1374"}],"version-history":[{"count":0,"href":"https:\/\/web.ifac.edu.br\/reitora\/wp-json\/wp\/v2\/posts\/1374\/revisions"}],"wp:attachment":[{"href":"https:\/\/web.ifac.edu.br\/reitora\/wp-json\/wp\/v2\/media?parent=1374"}],"wp:term":[{"taxonomy":"category","embeddable":true,"href":"https:\/\/web.ifac.edu.br\/reitora\/wp-json\/wp\/v2\/categories?post=1374"},{"taxonomy":"post_tag","embeddable":true,"href":"https:\/\/web.ifac.edu.br\/reitora\/wp-json\/wp\/v2\/tags?post=1374"}],"curies":[{"name":"wp","href":"https:\/\/api.w.org\/{rel}","templated":true}]}}