{"id":1371,"date":"2015-06-22T15:06:56","date_gmt":"2015-06-22T15:06:56","guid":{"rendered":"http:\/\/www.ifac.edu.br\/blogdareitora\/?p=1371"},"modified":"2015-06-22T15:06:56","modified_gmt":"2015-06-22T15:06:56","slug":"1371","status":"publish","type":"post","link":"https:\/\/web.ifac.edu.br\/reitora\/2015\/06\/22\/1371\/","title":{"rendered":""},"content":{"rendered":"<p style=\"text-align: justify\"><a href=\"http:\/\/web.ifac.edu.br\/reitora\/wp-content\/uploads\/sites\/30\/2015\/06\/Homenagem-prof.-Bantel_blog.jpg\"><img fetchpriority=\"high\" decoding=\"async\" class=\"alignleft size-full wp-image-1372\" src=\"http:\/\/web.ifac.edu.br\/reitora\/wp-content\/uploads\/sites\/30\/2015\/06\/Homenagem-prof.-Bantel_blog.jpg\" alt=\"Homenagem prof. Bantel_blog\" width=\"391\" height=\"334\" \/><\/a>Participei de uma homenagem especial, nesta sexta-feira, 19, durante a reuni\u00e3o ordin\u00e1ria do Conselho Superior do IFAC, ao prof. Bantel, que se aposentou do IFAC, ao entregar-lhe um certificado pelos relevantes servi\u00e7os prestados \u00e0 Educa\u00e7\u00e3o, ao CONSU e ao IFAC. \u00c9 mais um reconhecimento que o prof. Bantel recebe, pois, no ano passado, ele foi homenageado com a Comenda Presidente Lu\u00eds In\u00e1cio Lula da Silva, durante a realiza\u00e7\u00e3o da 38\u00aa Reuni\u00e3o dos Dirigentes das Institui\u00e7\u00f5es Federais de Educa\u00e7\u00e3o Profissional e Tecnol\u00f3gica (Reditec) em reconhecimento aos servi\u00e7os prestados \u00e0 Educa\u00e7\u00e3o Profissional, Cient\u00edfica e Tecnol\u00f3gica do Brasil. Meu amigo Bantel, que sua hist\u00f3ria seja seguida pelos jovens servidores do IFAC. Obrigada!<\/p>\n<p>&nbsp;<\/p>\n","protected":false},"excerpt":{"rendered":"<p>Participei de uma homenagem especial, nesta sexta-feira, 19, durante a reuni\u00e3o ordin\u00e1ria do Conselho Superior do IFAC, ao prof. Bantel, que se aposentou do IFAC, ao entregar-lhe um certificado pelos relevantes servi\u00e7os prestados \u00e0 Educa\u00e7\u00e3o, ao CONSU e ao IFAC. \u00c9 mais um reconhecimento que o prof. Bantel recebe, pois, no ano passado, ele foi [&hellip;]<\/p>\n","protected":false},"author":16,"featured_media":0,"comment_status":"closed","ping_status":"open","sticky":false,"template":"","format":"standard","meta":{"footnotes":""},"categories":[2],"tags":[],"class_list":["post-1371","post","type-post","status-publish","format-standard","hentry","category-noticias"],"_links":{"self":[{"href":"https:\/\/web.ifac.edu.br\/reitora\/wp-json\/wp\/v2\/posts\/1371","targetHints":{"allow":["GET"]}}],"collection":[{"href":"https:\/\/web.ifac.edu.br\/reitora\/wp-json\/wp\/v2\/posts"}],"about":[{"href":"https:\/\/web.ifac.edu.br\/reitora\/wp-json\/wp\/v2\/types\/post"}],"author":[{"embeddable":true,"href":"https:\/\/web.ifac.edu.br\/reitora\/wp-json\/wp\/v2\/users\/16"}],"replies":[{"embeddable":true,"href":"https:\/\/web.ifac.edu.br\/reitora\/wp-json\/wp\/v2\/comments?post=1371"}],"version-history":[{"count":0,"href":"https:\/\/web.ifac.edu.br\/reitora\/wp-json\/wp\/v2\/posts\/1371\/revisions"}],"wp:attachment":[{"href":"https:\/\/web.ifac.edu.br\/reitora\/wp-json\/wp\/v2\/media?parent=1371"}],"wp:term":[{"taxonomy":"category","embeddable":true,"href":"https:\/\/web.ifac.edu.br\/reitora\/wp-json\/wp\/v2\/categories?post=1371"},{"taxonomy":"post_tag","embeddable":true,"href":"https:\/\/web.ifac.edu.br\/reitora\/wp-json\/wp\/v2\/tags?post=1371"}],"curies":[{"name":"wp","href":"https:\/\/api.w.org\/{rel}","templated":true}]}}