{"id":1368,"date":"2015-06-22T15:05:37","date_gmt":"2015-06-22T15:05:37","guid":{"rendered":"http:\/\/www.ifac.edu.br\/blogdareitora\/?p=1368"},"modified":"2015-06-22T15:05:37","modified_gmt":"2015-06-22T15:05:37","slug":"termo-de-cooperacao-com-sebrae","status":"publish","type":"post","link":"https:\/\/web.ifac.edu.br\/reitora\/2015\/06\/22\/termo-de-cooperacao-com-sebrae\/","title":{"rendered":"Termo de coopera\u00e7\u00e3o com SEBRAE"},"content":{"rendered":"<p style=\"text-align: justify\"><a href=\"http:\/\/web.ifac.edu.br\/reitora\/wp-content\/uploads\/sites\/30\/2015\/06\/Termo-de-coopera\u00e7\u00e3o_SEBRAE_blog.jpg\"><img fetchpriority=\"high\" decoding=\"async\" class=\"aligncenter size-full wp-image-1369\" src=\"http:\/\/web.ifac.edu.br\/reitora\/wp-content\/uploads\/sites\/30\/2015\/06\/Termo-de-coopera\u00e7\u00e3o_SEBRAE_blog.jpg\" alt=\"Termo de coopera\u00e7\u00e3o_SEBRAE_blog\" width=\"544\" height=\"363\" \/><\/a><\/p>\n<p style=\"text-align: justify\">Assinei, na quinta-feira, 18, o Termo de Coopera\u00e7\u00e3o com o Servi\u00e7o de Apoio \u00e0s Micro e Pequenas Empresas (SEBRAE\/AC), para o licenciamento de uso para a implanta\u00e7\u00e3o da metodologia do curso Forma\u00e7\u00e3o de Jovens Empreendedores (FJE). Com a assinatura, o SEBRAE vai nos ajudar na difus\u00e3o e fomento da cultura empreendedora nos cursos oferecidos pelo IFAC. Com isso, nossos professores ligados \u00e0 disciplina de empreendedorismo, ter\u00e3o a oportunidade de obter capacita\u00e7\u00e3o com uma das maiores institui\u00e7\u00f5es de refer\u00eancia no Brasil, bem como utilizar uma metodologia j\u00e1 testada e aprovada pelo mercado. Quero agradecer ao superintendente do SEBRAE, M\u00e2ncio Cordeiro, e a Diretora T\u00e9cnica S\u00eddia Gomes, que atenderam nosso pedido de parceria.<\/p>\n","protected":false},"excerpt":{"rendered":"<p>Assinei, na quinta-feira, 18, o Termo de Coopera\u00e7\u00e3o com o Servi\u00e7o de Apoio \u00e0s Micro e Pequenas Empresas (SEBRAE\/AC), para o licenciamento de uso para a implanta\u00e7\u00e3o da metodologia do curso Forma\u00e7\u00e3o de Jovens Empreendedores (FJE). Com a assinatura, o SEBRAE vai nos ajudar na difus\u00e3o e fomento da cultura empreendedora nos cursos oferecidos pelo [&hellip;]<\/p>\n","protected":false},"author":16,"featured_media":0,"comment_status":"closed","ping_status":"open","sticky":false,"template":"","format":"standard","meta":{"footnotes":""},"categories":[2],"tags":[],"class_list":["post-1368","post","type-post","status-publish","format-standard","hentry","category-noticias"],"_links":{"self":[{"href":"https:\/\/web.ifac.edu.br\/reitora\/wp-json\/wp\/v2\/posts\/1368","targetHints":{"allow":["GET"]}}],"collection":[{"href":"https:\/\/web.ifac.edu.br\/reitora\/wp-json\/wp\/v2\/posts"}],"about":[{"href":"https:\/\/web.ifac.edu.br\/reitora\/wp-json\/wp\/v2\/types\/post"}],"author":[{"embeddable":true,"href":"https:\/\/web.ifac.edu.br\/reitora\/wp-json\/wp\/v2\/users\/16"}],"replies":[{"embeddable":true,"href":"https:\/\/web.ifac.edu.br\/reitora\/wp-json\/wp\/v2\/comments?post=1368"}],"version-history":[{"count":0,"href":"https:\/\/web.ifac.edu.br\/reitora\/wp-json\/wp\/v2\/posts\/1368\/revisions"}],"wp:attachment":[{"href":"https:\/\/web.ifac.edu.br\/reitora\/wp-json\/wp\/v2\/media?parent=1368"}],"wp:term":[{"taxonomy":"category","embeddable":true,"href":"https:\/\/web.ifac.edu.br\/reitora\/wp-json\/wp\/v2\/categories?post=1368"},{"taxonomy":"post_tag","embeddable":true,"href":"https:\/\/web.ifac.edu.br\/reitora\/wp-json\/wp\/v2\/tags?post=1368"}],"curies":[{"name":"wp","href":"https:\/\/api.w.org\/{rel}","templated":true}]}}