{"id":1363,"date":"2015-06-14T17:45:11","date_gmt":"2015-06-14T17:45:11","guid":{"rendered":"http:\/\/www.ifac.edu.br\/blogdareitora\/?p=1363"},"modified":"2015-06-14T17:45:11","modified_gmt":"2015-06-14T17:45:11","slug":"novos-servidores-taes-empossados","status":"publish","type":"post","link":"https:\/\/web.ifac.edu.br\/reitora\/2015\/06\/14\/novos-servidores-taes-empossados\/","title":{"rendered":"Novos servidores TAEs empossados"},"content":{"rendered":"<p style=\"text-align: justify\"><a href=\"http:\/\/web.ifac.edu.br\/reitora\/wp-content\/uploads\/sites\/30\/2015\/06\/Posse_12_06_15.jpg\"><img fetchpriority=\"high\" decoding=\"async\" class=\"aligncenter size-full wp-image-1365\" src=\"http:\/\/web.ifac.edu.br\/reitora\/wp-content\/uploads\/sites\/30\/2015\/06\/Posse_12_06_15.jpg\" alt=\"Posse_12_06_15\" width=\"545\" height=\"363\" \/><\/a><\/p>\n<p style=\"text-align: justify\">Estive, na sexta-feira, 12 de junho, com o Pr\u00f3-reitor de Gest\u00e3o de Pessoas, Daniel Faria Esteves, e a coordenadora de Ingresso e Movimenta\u00e7\u00e3o, Cec\u00edlia\u00a0Pereira Ugalde, dando posse a 18 novos servidores TAEs, que ser\u00e3o lotados na Reitoria e nos C\u00e2mpus do IFAC. S\u00e3o servidores que ajudar\u00e3o a institui\u00e7\u00e3o a desenvolver os\u00a0projetos, pois atuar\u00e3o em \u00e1reas espec\u00edficas, como biblioteca, apoio a alunos, audiovisual, administrador. Ap\u00f3s a posse, os servidores receberam orienta\u00e7\u00f5es dos representantes do SINASEFE\/Se\u00e7\u00e3o Rio Branco. Parab\u00e9ns e sejam bem vindos!<\/p>\n","protected":false},"excerpt":{"rendered":"<p>Estive, na sexta-feira, 12 de junho, com o Pr\u00f3-reitor de Gest\u00e3o de Pessoas, Daniel Faria Esteves, e a coordenadora de Ingresso e Movimenta\u00e7\u00e3o, Cec\u00edlia\u00a0Pereira Ugalde, dando posse a 18 novos servidores TAEs, que ser\u00e3o lotados na Reitoria e nos C\u00e2mpus do IFAC. S\u00e3o servidores que ajudar\u00e3o a institui\u00e7\u00e3o a desenvolver os\u00a0projetos, pois atuar\u00e3o em \u00e1reas [&hellip;]<\/p>\n","protected":false},"author":16,"featured_media":0,"comment_status":"closed","ping_status":"open","sticky":false,"template":"","format":"standard","meta":{"footnotes":""},"categories":[2],"tags":[],"class_list":["post-1363","post","type-post","status-publish","format-standard","hentry","category-noticias"],"_links":{"self":[{"href":"https:\/\/web.ifac.edu.br\/reitora\/wp-json\/wp\/v2\/posts\/1363","targetHints":{"allow":["GET"]}}],"collection":[{"href":"https:\/\/web.ifac.edu.br\/reitora\/wp-json\/wp\/v2\/posts"}],"about":[{"href":"https:\/\/web.ifac.edu.br\/reitora\/wp-json\/wp\/v2\/types\/post"}],"author":[{"embeddable":true,"href":"https:\/\/web.ifac.edu.br\/reitora\/wp-json\/wp\/v2\/users\/16"}],"replies":[{"embeddable":true,"href":"https:\/\/web.ifac.edu.br\/reitora\/wp-json\/wp\/v2\/comments?post=1363"}],"version-history":[{"count":0,"href":"https:\/\/web.ifac.edu.br\/reitora\/wp-json\/wp\/v2\/posts\/1363\/revisions"}],"wp:attachment":[{"href":"https:\/\/web.ifac.edu.br\/reitora\/wp-json\/wp\/v2\/media?parent=1363"}],"wp:term":[{"taxonomy":"category","embeddable":true,"href":"https:\/\/web.ifac.edu.br\/reitora\/wp-json\/wp\/v2\/categories?post=1363"},{"taxonomy":"post_tag","embeddable":true,"href":"https:\/\/web.ifac.edu.br\/reitora\/wp-json\/wp\/v2\/tags?post=1363"}],"curies":[{"name":"wp","href":"https:\/\/api.w.org\/{rel}","templated":true}]}}