{"id":631,"date":"2021-04-01T14:07:04","date_gmt":"2021-04-01T17:07:04","guid":{"rendered":"https:\/\/web.ifac.edu.br\/profept\/?p=631"},"modified":"2022-06-15T10:49:04","modified_gmt":"2022-06-15T13:49:04","slug":"profept-realiza-aula-inaugural-nesta-segunda-feira","status":"publish","type":"post","link":"https:\/\/web.ifac.edu.br\/profept\/2021\/04\/01\/profept-realiza-aula-inaugural-nesta-segunda-feira\/","title":{"rendered":"ProfEPT realiza aula inaugural nesta segunda-feira"},"content":{"rendered":"<p><img fetchpriority=\"high\" decoding=\"async\" class=\"aligncenter wp-image-633 size-full\" src=\"https:\/\/web.ifac.edu.br\/profept\/wp-content\/uploads\/sites\/53\/2021\/04\/aula_inaugural_profept.png\" alt=\"\" width=\"650\" height=\"460\" srcset=\"https:\/\/web.ifac.edu.br\/profept\/wp-content\/uploads\/sites\/53\/2021\/04\/aula_inaugural_profept.png 650w, https:\/\/web.ifac.edu.br\/profept\/wp-content\/uploads\/sites\/53\/2021\/04\/aula_inaugural_profept-300x212.png 300w\" sizes=\"(max-width: 650px) 100vw, 650px\" \/><\/p>\n<p>A reitora do Instituto Federal do Acre (Ifac), Rosana Cavalcante dos Santos, em conjunto com o coordenador local substituto do Mestrado Profissional em Educa\u00e7\u00e3o Profissional e Tecnol\u00f3gica (ProfEPT\/Ifac), M\u00e1rio S\u00e9rgio Pedroza Lob\u00e3o, convida os docentes e novos mestrandos para participar da aula inaugural, que ser\u00e1 realizada nesta segunda-feira (05.04), a partir das 09h.<\/p>\n<p>O encontro acontecer\u00e1 pela plataforma Google Meet e contar\u00e1 com palestra &#8220;ProfEPT: desafios e possibilidades de um programa de P\u00f3s-Gradua\u00e7\u00e3o em Rede Nacional&#8221;, que ser\u00e1 ministrada pela coordenadora acad\u00eamica nacional do ProfEPT, M\u00e1ria Ad\u00e9lia da Costa, do Centro Federal de Educa\u00e7\u00e3o Profissional e Tecnol\u00f3gica de Minas Gerais (Cefet\/MG).<\/p>\n","protected":false},"excerpt":{"rendered":"<p>A reitora do Instituto Federal do Acre (Ifac), Rosana Cavalcante dos Santos, em conjunto com o coordenador local substituto do Mestrado Profissional em Educa\u00e7\u00e3o Profissional e Tecnol\u00f3gica (ProfEPT\/Ifac), M\u00e1rio S\u00e9rgio Pedroza Lob\u00e3o, convida os docentes e novos mestrandos para participar da aula inaugural, que ser\u00e1 realizada nesta segunda-feira (05.04), a partir das 09h. O encontro &#8230; <a title=\"ProfEPT realiza aula inaugural nesta segunda-feira\" class=\"read-more\" href=\"https:\/\/web.ifac.edu.br\/profept\/2021\/04\/01\/profept-realiza-aula-inaugural-nesta-segunda-feira\/\" aria-label=\"Read more about ProfEPT realiza aula inaugural nesta segunda-feira\">Ler mais<\/a><\/p>\n","protected":false},"author":27,"featured_media":0,"comment_status":"open","ping_status":"open","sticky":false,"template":"","format":"standard","meta":{"footnotes":""},"categories":[4],"tags":[],"class_list":["post-631","post","type-post","status-publish","format-standard","hentry","category-https-web-ifac-edu-br-profept-page_id1464previewtrue"],"_links":{"self":[{"href":"https:\/\/web.ifac.edu.br\/profept\/wp-json\/wp\/v2\/posts\/631","targetHints":{"allow":["GET"]}}],"collection":[{"href":"https:\/\/web.ifac.edu.br\/profept\/wp-json\/wp\/v2\/posts"}],"about":[{"href":"https:\/\/web.ifac.edu.br\/profept\/wp-json\/wp\/v2\/types\/post"}],"author":[{"embeddable":true,"href":"https:\/\/web.ifac.edu.br\/profept\/wp-json\/wp\/v2\/users\/27"}],"replies":[{"embeddable":true,"href":"https:\/\/web.ifac.edu.br\/profept\/wp-json\/wp\/v2\/comments?post=631"}],"version-history":[{"count":0,"href":"https:\/\/web.ifac.edu.br\/profept\/wp-json\/wp\/v2\/posts\/631\/revisions"}],"wp:attachment":[{"href":"https:\/\/web.ifac.edu.br\/profept\/wp-json\/wp\/v2\/media?parent=631"}],"wp:term":[{"taxonomy":"category","embeddable":true,"href":"https:\/\/web.ifac.edu.br\/profept\/wp-json\/wp\/v2\/categories?post=631"},{"taxonomy":"post_tag","embeddable":true,"href":"https:\/\/web.ifac.edu.br\/profept\/wp-json\/wp\/v2\/tags?post=631"}],"curies":[{"name":"wp","href":"https:\/\/api.w.org\/{rel}","templated":true}]}}