{"id":258,"date":"2020-03-20T15:52:27","date_gmt":"2020-03-20T18:52:27","guid":{"rendered":"http:\/\/web.ifac.edu.br\/profept\/?p=258"},"modified":"2020-04-24T18:14:30","modified_gmt":"2020-04-24T21:14:30","slug":"profept-estende-prazo-para-pagamento-da-taxa-de-inscricao","status":"publish","type":"post","link":"https:\/\/web.ifac.edu.br\/profept\/2020\/03\/20\/profept-estende-prazo-para-pagamento-da-taxa-de-inscricao\/","title":{"rendered":"ProfEPT estende prazo para pagamento da taxa de inscri\u00e7\u00e3o"},"content":{"rendered":"<p><em>Os candidatos t\u00eam at\u00e9 quarta-feira (25) para efetuarem o pagamento<\/em><!--more--><\/p>\n<p><img fetchpriority=\"high\" decoding=\"async\" class=\"wp-image-144 size-large aligncenter\" src=\"https:\/\/web.ifac.edu.br\/profept\/wp-content\/uploads\/sites\/53\/2019\/12\/mestrado_profept-1-1024x575.jpg\" alt=\"\" width=\"1024\" height=\"575\" srcset=\"https:\/\/web.ifac.edu.br\/profept\/wp-content\/uploads\/sites\/53\/2019\/12\/mestrado_profept-1-1024x575.jpg 1024w, https:\/\/web.ifac.edu.br\/profept\/wp-content\/uploads\/sites\/53\/2019\/12\/mestrado_profept-1-300x168.jpg 300w, https:\/\/web.ifac.edu.br\/profept\/wp-content\/uploads\/sites\/53\/2019\/12\/mestrado_profept-1-768x431.jpg 768w, https:\/\/web.ifac.edu.br\/profept\/wp-content\/uploads\/sites\/53\/2019\/12\/mestrado_profept-1-1536x862.jpg 1536w, https:\/\/web.ifac.edu.br\/profept\/wp-content\/uploads\/sites\/53\/2019\/12\/mestrado_profept-1-2048x1150.jpg 2048w\" sizes=\"(max-width: 1024px) 100vw, 1024px\" \/><\/p>\n<p>A Coordena\u00e7\u00e3o do Exame Nacional de Acesso ao Programa de P\u00f3s-Gradua\u00e7\u00e3o em Educa\u00e7\u00e3o Profissional e Tecnol\u00f3gica (ProfEPT) prorrogou o prazo para pagamento da taxa de inscri\u00e7\u00e3o. De acordo com a nota divulgada pela coordena\u00e7\u00e3o, os candidatos do processo seletivo t\u00eam at\u00e9 quarta-feira (25) para efetuarem o pagamento da taxa.<\/p>\n<p>Leia a nota completa:<\/p>\n<p><em>A Coordena\u00e7\u00e3o do Exame Nacional de Acesso (ENA-2020) ao Programa de P\u00f3s-Gradua\u00e7\u00e3o em Educa\u00e7\u00e3o Profissional e Tecnol\u00f3gica (ProfEPT) informa a prorroga\u00e7\u00e3o do prazo para\u00a0<\/em><strong><em>pagamento das inscri\u00e7\u00f5es at\u00e9 o dia 25 de mar\u00e7o de 2020<\/em><\/strong><em>. Comunica ainda que as Inscri\u00e7\u00f5es foram encerradas, estendendo-se apenas o prazo para o pagamento em virtude da dificuldade de acesso \u00e0s Ag\u00eancias Banc\u00e1rias diante do estado de emerg\u00eancia da sa\u00fade p\u00fablica no Brasil (Coronav\u00edrus &#8211; COVID-19).<\/em><\/p>\n<p><em>Em decorr\u00eancia da prorroga\u00e7\u00e3o do prazo para pagamento das inscri\u00e7\u00f5es, o Cronograma do Edital ProfEPT n\u00ba 01\/2020 tamb\u00e9m apresenta altera\u00e7\u00f5es. Indicamos aos candidatos acompanharem a publica\u00e7\u00e3o do Edital retificado no site\u00a0<a href=\"https:\/\/profept.ifes.edu.br\/\">profept.ifes.edu.br<\/a>, al\u00e9m de acompanharem as pr\u00f3ximas not\u00edcias na \u00c1rea do Candidato.<\/em><\/p>\n<p><em>(Com informa\u00e7\u00f5es da Coordena\u00e7\u00e3o do ProfEPT)<\/em><\/p>\n","protected":false},"excerpt":{"rendered":"<p>Os candidatos t\u00eam at\u00e9 quarta-feira (25) para efetuarem o pagamento<\/p>\n","protected":false},"author":27,"featured_media":0,"comment_status":"open","ping_status":"open","sticky":false,"template":"","format":"standard","meta":{"footnotes":""},"categories":[4],"tags":[],"class_list":["post-258","post","type-post","status-publish","format-standard","hentry","category-https-web-ifac-edu-br-profept-page_id1464previewtrue"],"_links":{"self":[{"href":"https:\/\/web.ifac.edu.br\/profept\/wp-json\/wp\/v2\/posts\/258","targetHints":{"allow":["GET"]}}],"collection":[{"href":"https:\/\/web.ifac.edu.br\/profept\/wp-json\/wp\/v2\/posts"}],"about":[{"href":"https:\/\/web.ifac.edu.br\/profept\/wp-json\/wp\/v2\/types\/post"}],"author":[{"embeddable":true,"href":"https:\/\/web.ifac.edu.br\/profept\/wp-json\/wp\/v2\/users\/27"}],"replies":[{"embeddable":true,"href":"https:\/\/web.ifac.edu.br\/profept\/wp-json\/wp\/v2\/comments?post=258"}],"version-history":[{"count":0,"href":"https:\/\/web.ifac.edu.br\/profept\/wp-json\/wp\/v2\/posts\/258\/revisions"}],"wp:attachment":[{"href":"https:\/\/web.ifac.edu.br\/profept\/wp-json\/wp\/v2\/media?parent=258"}],"wp:term":[{"taxonomy":"category","embeddable":true,"href":"https:\/\/web.ifac.edu.br\/profept\/wp-json\/wp\/v2\/categories?post=258"},{"taxonomy":"post_tag","embeddable":true,"href":"https:\/\/web.ifac.edu.br\/profept\/wp-json\/wp\/v2\/tags?post=258"}],"curies":[{"name":"wp","href":"https:\/\/api.w.org\/{rel}","templated":true}]}}