{"id":1591,"date":"2023-04-13T18:48:53","date_gmt":"2023-04-13T21:48:53","guid":{"rendered":"https:\/\/web.ifac.edu.br\/profept\/?p=1591"},"modified":"2023-04-18T17:30:01","modified_gmt":"2023-04-18T20:30:01","slug":"profept-convida-comunidade-para-exame-de-qualificacao-12","status":"publish","type":"post","link":"https:\/\/web.ifac.edu.br\/profept\/2023\/04\/13\/profept-convida-comunidade-para-exame-de-qualificacao-12\/","title":{"rendered":"ProfEPT convida comunidade para exame de qualifica\u00e7\u00e3o"},"content":{"rendered":"<header aria-label=\"Conte\u00fado\"><\/header>\n<header aria-label=\"Conte\u00fado\"><\/header>\n<header class=\"entry-header\" aria-label=\"Conte\u00fado\">O Instituto Federal do Acre (Ifac), por meio da Coordena\u00e7\u00e3o Acad\u00eamica Local do curso de Mestrado Profissional em Educa\u00e7\u00e3o Profissional e Tecnol\u00f3gica (ProfEPT) convida toda comunidade para participar da banca de qualifica\u00e7\u00e3o do mestrando \u00a0Jefferson Bissat Amim.<\/header>\n<header aria-label=\"Conte\u00fado\"><img fetchpriority=\"high\" decoding=\"async\" class=\"aligncenter size-full wp-image-1609\" src=\"https:\/\/web.ifac.edu.br\/profept\/wp-content\/uploads\/sites\/53\/2023\/04\/jeferson.jpg\" alt=\"\" width=\"960\" height=\"720\" srcset=\"https:\/\/web.ifac.edu.br\/profept\/wp-content\/uploads\/sites\/53\/2023\/04\/jeferson.jpg 960w, https:\/\/web.ifac.edu.br\/profept\/wp-content\/uploads\/sites\/53\/2023\/04\/jeferson-300x225.jpg 300w, https:\/\/web.ifac.edu.br\/profept\/wp-content\/uploads\/sites\/53\/2023\/04\/jeferson-768x576.jpg 768w\" sizes=\"(max-width: 960px) 100vw, 960px\" \/><\/header>\n<header aria-label=\"Conte\u00fado\"><\/header>\n<header aria-label=\"Conte\u00fado\"><\/header>\n<header aria-label=\"Conte\u00fado\"><\/header>\n<header aria-label=\"Conte\u00fado\"><\/header>\n<header aria-label=\"Conte\u00fado\"><\/header>\n<header class=\"entry-header\" aria-label=\"Conte\u00fado\">O trabalho ser\u00e1 apresentado no dia 25 de abril de 2023, a partir das 9h (hor\u00e1rio do Acre), pela plataforma Google Meet, pelo link: <a href=\"https:\/\/meet.google.com\/ser-qrrw-dyb?hs=224\">https:\/\/meet.google.com\/ser-qrrw-dyb?hs=224<\/a> . A disserta\u00e7\u00e3o, que tem como tema \u201cBoas pr\u00e1ticas para abertura e instru\u00e7\u00e3o de processos administrativos nas institui\u00e7\u00f5es de EPT: Uma proposta para o Instituto Federal do Acre\u201d, \u00e9 orientada pelo professor Lu\u00eds Pedro de Melo Plese.<\/header>\n","protected":false},"excerpt":{"rendered":"<p>O Instituto Federal do Acre (Ifac), por meio da Coordena\u00e7\u00e3o Acad\u00eamica Local do curso de Mestrado Profissional em Educa\u00e7\u00e3o Profissional e Tecnol\u00f3gica (ProfEPT) convida toda comunidade para participar da banca de qualifica\u00e7\u00e3o do mestrando \u00a0Jefferson Bissat Amim. O trabalho ser\u00e1 apresentado no dia 25 de abril de 2023, a partir das 9h (hor\u00e1rio do Acre), &#8230; <a title=\"ProfEPT convida comunidade para exame de qualifica\u00e7\u00e3o\" class=\"read-more\" href=\"https:\/\/web.ifac.edu.br\/profept\/2023\/04\/13\/profept-convida-comunidade-para-exame-de-qualificacao-12\/\" aria-label=\"Read more about ProfEPT convida comunidade para exame de qualifica\u00e7\u00e3o\">Ler mais<\/a><\/p>\n","protected":false},"author":192,"featured_media":0,"comment_status":"open","ping_status":"open","sticky":false,"template":"","format":"image","meta":{"footnotes":""},"categories":[4],"tags":[],"class_list":["post-1591","post","type-post","status-publish","format-image","hentry","category-https-web-ifac-edu-br-profept-page_id1464previewtrue","post_format-post-format-image"],"_links":{"self":[{"href":"https:\/\/web.ifac.edu.br\/profept\/wp-json\/wp\/v2\/posts\/1591","targetHints":{"allow":["GET"]}}],"collection":[{"href":"https:\/\/web.ifac.edu.br\/profept\/wp-json\/wp\/v2\/posts"}],"about":[{"href":"https:\/\/web.ifac.edu.br\/profept\/wp-json\/wp\/v2\/types\/post"}],"author":[{"embeddable":true,"href":"https:\/\/web.ifac.edu.br\/profept\/wp-json\/wp\/v2\/users\/192"}],"replies":[{"embeddable":true,"href":"https:\/\/web.ifac.edu.br\/profept\/wp-json\/wp\/v2\/comments?post=1591"}],"version-history":[{"count":0,"href":"https:\/\/web.ifac.edu.br\/profept\/wp-json\/wp\/v2\/posts\/1591\/revisions"}],"wp:attachment":[{"href":"https:\/\/web.ifac.edu.br\/profept\/wp-json\/wp\/v2\/media?parent=1591"}],"wp:term":[{"taxonomy":"category","embeddable":true,"href":"https:\/\/web.ifac.edu.br\/profept\/wp-json\/wp\/v2\/categories?post=1591"},{"taxonomy":"post_tag","embeddable":true,"href":"https:\/\/web.ifac.edu.br\/profept\/wp-json\/wp\/v2\/tags?post=1591"}],"curies":[{"name":"wp","href":"https:\/\/api.w.org\/{rel}","templated":true}]}}