{"id":1296,"date":"2022-07-15T00:52:54","date_gmt":"2022-07-15T03:52:54","guid":{"rendered":"https:\/\/web.ifac.edu.br\/profept\/?p=1296"},"modified":"2022-08-10T21:36:00","modified_gmt":"2022-08-11T00:36:00","slug":"profept-convida-comunidade-para-exame-de-qualificacao-8","status":"publish","type":"post","link":"https:\/\/web.ifac.edu.br\/profept\/2022\/07\/15\/profept-convida-comunidade-para-exame-de-qualificacao-8\/","title":{"rendered":"ProfEPT convida comunidade para exame de qualifica\u00e7\u00e3o"},"content":{"rendered":"<p>O Instituto Federal do Acre (Ifac), por meio da Coordena\u00e7\u00e3o Acad\u00eamica Local do curso de Mestrado Profissional em Educa\u00e7\u00e3o Profissional e Tecnol\u00f3gica (ProfEPT) convida toda comunidade para participar das bancas de qualifica\u00e7\u00e3o dos mestrandos F\u00e1bio Storch de Oliveira, Luana Oliveira de Melo e Paulo Costa de Moura.<a href=\"https:\/\/bit.ly\/3IoW7zn\"><img fetchpriority=\"high\" decoding=\"async\" class=\"aligncenter wp-image-1298 size-full\" src=\"https:\/\/web.ifac.edu.br\/profept\/wp-content\/uploads\/sites\/53\/2022\/07\/Convite_0566196_Convite_de_banca_de_qualificacao___Fabio_Storch_de_Oliveira.png\" alt=\"Convite para defesa de qualifica\u00e7\u00e3o do mestrando F\u00e1bio Storch de Oliveira, com disserta\u00e7\u00e3o intitulada: &quot;Comunica\u00e7\u00e3o de Saberes e Pr\u00e1ticas Extensionistas no Ifac&quot;.\" width=\"2000\" height=\"1500\" srcset=\"https:\/\/web.ifac.edu.br\/profept\/wp-content\/uploads\/sites\/53\/2022\/07\/Convite_0566196_Convite_de_banca_de_qualificacao___Fabio_Storch_de_Oliveira.png 2000w, https:\/\/web.ifac.edu.br\/profept\/wp-content\/uploads\/sites\/53\/2022\/07\/Convite_0566196_Convite_de_banca_de_qualificacao___Fabio_Storch_de_Oliveira-300x225.png 300w, https:\/\/web.ifac.edu.br\/profept\/wp-content\/uploads\/sites\/53\/2022\/07\/Convite_0566196_Convite_de_banca_de_qualificacao___Fabio_Storch_de_Oliveira-1024x768.png 1024w, https:\/\/web.ifac.edu.br\/profept\/wp-content\/uploads\/sites\/53\/2022\/07\/Convite_0566196_Convite_de_banca_de_qualificacao___Fabio_Storch_de_Oliveira-768x576.png 768w, https:\/\/web.ifac.edu.br\/profept\/wp-content\/uploads\/sites\/53\/2022\/07\/Convite_0566196_Convite_de_banca_de_qualificacao___Fabio_Storch_de_Oliveira-1536x1152.png 1536w\" sizes=\"(max-width: 2000px) 100vw, 2000px\" \/><\/a><\/p>\n<p style=\"text-align: center\">(<em>Clique na imagem para acessar a webconfer\u00eancia<\/em>)<\/p>\n<p>O primeiro trabalho ser\u00e1 apresentado no dia 21 de julho de 2022, a partir das 9h (hor\u00e1rio do Acre), pela plataforma Microsoft Teams, pelo link: <a href=\"https:\/\/bit.ly\/3IoW7zn\" target=\"_blank\" rel=\"noopener\">https:\/\/bit.ly\/3IoW7zn<\/a>.<\/p>\n<p>A disserta\u00e7\u00e3o, que tem como tema &#8220;Comunica\u00e7\u00e3o de saberes e pr\u00e1ticas extensionistas no Ifac&#8221;, \u00e9 orientada pela professora Am\u00e9lia Maria Lima Garcia.<\/p>\n<p>&nbsp;<\/p>\n<p><a href=\"https:\/\/bit.ly\/3OXPsyI\"><img decoding=\"async\" class=\"aligncenter wp-image-1299 size-full\" src=\"https:\/\/web.ifac.edu.br\/profept\/wp-content\/uploads\/sites\/53\/2022\/07\/Convite_0566195_Convite_de_banca_de_qualificacao___Luana_Melo.png\" alt=\"Convite para defesa de qualifica\u00e7\u00e3o da mestranda Luna Oliveira de Melo, com disserta\u00e7\u00e3o intitulada: &quot;Contribui\u00e7\u00f5es das A\u00e7\u00f5es de Extens\u00e3o na Forma\u00e7\u00e3o dos Educandos do Ensino M\u00e9dio Integrado do Ifac&quot;.\" width=\"2000\" height=\"1500\" srcset=\"https:\/\/web.ifac.edu.br\/profept\/wp-content\/uploads\/sites\/53\/2022\/07\/Convite_0566195_Convite_de_banca_de_qualificacao___Luana_Melo.png 2000w, https:\/\/web.ifac.edu.br\/profept\/wp-content\/uploads\/sites\/53\/2022\/07\/Convite_0566195_Convite_de_banca_de_qualificacao___Luana_Melo-300x225.png 300w, https:\/\/web.ifac.edu.br\/profept\/wp-content\/uploads\/sites\/53\/2022\/07\/Convite_0566195_Convite_de_banca_de_qualificacao___Luana_Melo-1024x768.png 1024w, https:\/\/web.ifac.edu.br\/profept\/wp-content\/uploads\/sites\/53\/2022\/07\/Convite_0566195_Convite_de_banca_de_qualificacao___Luana_Melo-768x576.png 768w, https:\/\/web.ifac.edu.br\/profept\/wp-content\/uploads\/sites\/53\/2022\/07\/Convite_0566195_Convite_de_banca_de_qualificacao___Luana_Melo-1536x1152.png 1536w\" sizes=\"(max-width: 2000px) 100vw, 2000px\" \/><\/a><\/p>\n<p style=\"text-align: center\">(<em>Clique na imagem para acessar a webconfer\u00eancia<\/em>)<\/p>\n<p>O segundo trabalho ser\u00e1 apresentado no dia 22 de julho de 2022, a partir das 9h (hor\u00e1rio do Acre), pela plataforma Microsoft Teams, pelo link: <a href=\"https:\/\/bit.ly\/3OXPsyI\" target=\"_blank\" rel=\"noopener\">https:\/\/bit.ly\/3OXPsyI<\/a>.<\/p>\n<p>A disserta\u00e7\u00e3o, que tem como tema &#8220;Contribui\u00e7\u00f5es das a\u00e7\u00f5es de extens\u00e3o na forma\u00e7\u00e3o dos educandos do Ensino M\u00e9dio Integrado do Ifac&#8221;, \u00e9 orientada pela professora Am\u00e9lia Maria Lima Garcia.<\/p>\n<p>&nbsp;<\/p>\n<p><a href=\"https:\/\/meet.google.com\/kpk-hsnc-zyz\"><img decoding=\"async\" class=\"aligncenter wp-image-1304 size-full\" src=\"https:\/\/web.ifac.edu.br\/profept\/wp-content\/uploads\/sites\/53\/2022\/07\/Convite_0570836_Convite_qualificacao_Paulo_Moura-1.png\" alt=\"Convite para defesa de qualifica\u00e7\u00e3o do mestrando Paulo Costa de Moura, com disserta\u00e7\u00e3o intitulada: &quot;Trilha interpretativa no Rio Croa como espa\u00e7o pedag\u00f3gico na forma\u00e7\u00e3o do t\u00e9cnico em meio ambiente&quot;.\" width=\"2667\" height=\"1500\" srcset=\"https:\/\/web.ifac.edu.br\/profept\/wp-content\/uploads\/sites\/53\/2022\/07\/Convite_0570836_Convite_qualificacao_Paulo_Moura-1.png 2667w, https:\/\/web.ifac.edu.br\/profept\/wp-content\/uploads\/sites\/53\/2022\/07\/Convite_0570836_Convite_qualificacao_Paulo_Moura-1-300x169.png 300w, https:\/\/web.ifac.edu.br\/profept\/wp-content\/uploads\/sites\/53\/2022\/07\/Convite_0570836_Convite_qualificacao_Paulo_Moura-1-1024x576.png 1024w, https:\/\/web.ifac.edu.br\/profept\/wp-content\/uploads\/sites\/53\/2022\/07\/Convite_0570836_Convite_qualificacao_Paulo_Moura-1-768x432.png 768w, https:\/\/web.ifac.edu.br\/profept\/wp-content\/uploads\/sites\/53\/2022\/07\/Convite_0570836_Convite_qualificacao_Paulo_Moura-1-1536x864.png 1536w, https:\/\/web.ifac.edu.br\/profept\/wp-content\/uploads\/sites\/53\/2022\/07\/Convite_0570836_Convite_qualificacao_Paulo_Moura-1-2048x1152.png 2048w\" sizes=\"(max-width: 2667px) 100vw, 2667px\" \/><\/a><\/p>\n<p style=\"text-align: center\">(<em>Clique na imagem para acessar a webconfer\u00eancia<\/em>)<\/p>\n<p>O terceiro trabalho ser\u00e1 apresentado no dia 27 de julho de 2022, a partir das 9h (hor\u00e1rio do Acre), pela plataforma Google Meet, pelo link: <a href=\"https:\/\/meet.google.com\/kpk-hsnc-zyz\" target=\"_blank\" rel=\"noopener\">https:\/\/meet.google.com\/kpk-hsnc-zyz<\/a>.<\/p>\n<p>A disserta\u00e7\u00e3o, que tem como tema &#8220;Trilha interpretativa no Rio Croa como espa\u00e7o pedag\u00f3gico na forma\u00e7\u00e3o do t\u00e9cnico em meio ambiente&#8221;, \u00e9 orientada pela professora Renata Gomes de Abreu Freitas.<\/p>\n<div class=\"ms-editor-squiggler\"><\/div>\n<div class=\"ms-editor-squiggler\"><\/div>\n","protected":false},"excerpt":{"rendered":"<p>O Instituto Federal do Acre (Ifac), por meio da Coordena\u00e7\u00e3o Acad\u00eamica Local do curso de Mestrado Profissional em Educa\u00e7\u00e3o Profissional e Tecnol\u00f3gica (ProfEPT) convida toda comunidade para participar das bancas de qualifica\u00e7\u00e3o dos mestrandos F\u00e1bio Storch de Oliveira, Luana Oliveira de Melo e Paulo Costa de Moura. (Clique na imagem para acessar a webconfer\u00eancia) O &#8230; <a title=\"ProfEPT convida comunidade para exame de qualifica\u00e7\u00e3o\" class=\"read-more\" href=\"https:\/\/web.ifac.edu.br\/profept\/2022\/07\/15\/profept-convida-comunidade-para-exame-de-qualificacao-8\/\" aria-label=\"Read more about ProfEPT convida comunidade para exame de qualifica\u00e7\u00e3o\">Ler mais<\/a><\/p>\n","protected":false},"author":154,"featured_media":0,"comment_status":"open","ping_status":"open","sticky":false,"template":"","format":"standard","meta":{"footnotes":""},"categories":[4],"tags":[],"class_list":["post-1296","post","type-post","status-publish","format-standard","hentry","category-https-web-ifac-edu-br-profept-page_id1464previewtrue"],"_links":{"self":[{"href":"https:\/\/web.ifac.edu.br\/profept\/wp-json\/wp\/v2\/posts\/1296","targetHints":{"allow":["GET"]}}],"collection":[{"href":"https:\/\/web.ifac.edu.br\/profept\/wp-json\/wp\/v2\/posts"}],"about":[{"href":"https:\/\/web.ifac.edu.br\/profept\/wp-json\/wp\/v2\/types\/post"}],"author":[{"embeddable":true,"href":"https:\/\/web.ifac.edu.br\/profept\/wp-json\/wp\/v2\/users\/154"}],"replies":[{"embeddable":true,"href":"https:\/\/web.ifac.edu.br\/profept\/wp-json\/wp\/v2\/comments?post=1296"}],"version-history":[{"count":0,"href":"https:\/\/web.ifac.edu.br\/profept\/wp-json\/wp\/v2\/posts\/1296\/revisions"}],"wp:attachment":[{"href":"https:\/\/web.ifac.edu.br\/profept\/wp-json\/wp\/v2\/media?parent=1296"}],"wp:term":[{"taxonomy":"category","embeddable":true,"href":"https:\/\/web.ifac.edu.br\/profept\/wp-json\/wp\/v2\/categories?post=1296"},{"taxonomy":"post_tag","embeddable":true,"href":"https:\/\/web.ifac.edu.br\/profept\/wp-json\/wp\/v2\/tags?post=1296"}],"curies":[{"name":"wp","href":"https:\/\/api.w.org\/{rel}","templated":true}]}}