{"id":859,"date":"2018-05-21T09:15:43","date_gmt":"2018-05-21T12:15:43","guid":{"rendered":"http:\/\/web.ifac.edu.br\/fnmat\/?p=859"},"modified":"2018-05-21T11:36:29","modified_gmt":"2018-05-21T14:36:29","slug":"vi-feira-nacional-de-matematica-comeca-dia-23-de-maio-em-rio-branco","status":"publish","type":"post","link":"https:\/\/web.ifac.edu.br\/fnmat\/2018\/05\/21\/vi-feira-nacional-de-matematica-comeca-dia-23-de-maio-em-rio-branco\/","title":{"rendered":"VI Feira Nacional de Matem\u00e1tica come\u00e7a dia 23 de maio em Rio Branco"},"content":{"rendered":"<p><img fetchpriority=\"high\" decoding=\"async\" class=\"aligncenter wp-image-862 size-large\" src=\"http:\/\/web.ifac.edu.br\/fnmat\/wp-content\/uploads\/sites\/33\/2018\/05\/Mat\u00e9ria-4-1024x577.jpg\" alt=\"\" width=\"1024\" height=\"577\" srcset=\"https:\/\/web.ifac.edu.br\/fnmat\/wp-content\/uploads\/sites\/33\/2018\/05\/Mat\u00e9ria-4-1024x577.jpg 1024w, https:\/\/web.ifac.edu.br\/fnmat\/wp-content\/uploads\/sites\/33\/2018\/05\/Mat\u00e9ria-4-300x169.jpg 300w, https:\/\/web.ifac.edu.br\/fnmat\/wp-content\/uploads\/sites\/33\/2018\/05\/Mat\u00e9ria-4-768x433.jpg 768w, https:\/\/web.ifac.edu.br\/fnmat\/wp-content\/uploads\/sites\/33\/2018\/05\/Mat\u00e9ria-4.jpg 1298w\" sizes=\"(max-width: 1024px) 100vw, 1024px\" \/><\/p>\n<p>Pela primeira vez, a Feira Nacional de Matem\u00e1tica (FNMAT) ser\u00e1 realizada na regi\u00e3o Norte do pa\u00eds. O evento, que acontece entre 23 a 25 de maio, ter\u00e1 como sede o munic\u00edpio de Rio Branco (Acre) e contar\u00e1 com a participa\u00e7\u00e3o de pesquisadores, docentes e estudantes de mais de dez estados brasileiros.<\/p>\n<p>Conforme explica o coordenador geral do evento no Estado, o professor do Instituto Federal do Acre (Ifac), Paulo Jos\u00e9 dos Santos Pereira, cerca de 100 trabalhos foram aprovados e ser\u00e3o expostos durante a 6\u00aa edi\u00e7\u00e3o da FNMAT.<\/p>\n<p>Os projetos que ser\u00e3o apresentados abordam temas relacionados \u00e0 matem\u00e1tica aplicada e\/ou contam com inter-rela\u00e7\u00e3o com outras disciplinas, \u00e0 materiais e\/ou jogos did\u00e1ticos e \u00e0 \u00e1rea da matem\u00e1tica pura.<\/p>\n<p>Al\u00e9m do Instituto Federal do Acre, tamb\u00e9m integram a organiza\u00e7\u00e3o da VI Feira Nacional de Matem\u00e1tica, o Instituto Federal Catarinense (IFC), a Universidade Federal do Acre (Ufac) e a Funda\u00e7\u00e3o Universidade Regional de Blumenau (Furb).<\/p>\n<p><strong>Programa\u00e7\u00e3o<\/strong><\/p>\n<p>Conforme cronograma, as atividades da VI Feira Nacional de Matem\u00e1tica, que ser\u00e3o realizadas no Centro de Conven\u00e7\u00f5es da Ufac, ter\u00e3o in\u00edcio no dia 23 de maio, a partir das 19h, com a cerim\u00f4nia oficial de abertura.<\/p>\n<p>J\u00e1 no dia 24 de maio, a partir das 08h, ser\u00e1 dado in\u00edcio a exposi\u00e7\u00e3o dos mais de 100 trabalhos inscritos no evento. As apresenta\u00e7\u00f5es se estendem at\u00e9 \u00e0s 17h30, quando ser\u00e1 realizada atividade cultural para os participantes e visitantes do evento.<\/p>\n<p>Na sexta-feira (25.05), a exposi\u00e7\u00e3o dos trabalhos ser\u00e1 retomada \u00e0s 08h e segue at\u00e9 \u00e0s 15h. Ap\u00f3s este hor\u00e1rio, os visitantes poder\u00e3o participar de atividades culturais. O encerramento do evento est\u00e1 programado para iniciar \u00e0s 16h, juntamente com a premia\u00e7\u00e3o dos melhores trabalhos.<\/p>\n","protected":false},"excerpt":{"rendered":"<p>Pela primeira vez, a Feira Nacional de Matem\u00e1tica (FNMAT) ser\u00e1 realizada na regi\u00e3o Norte do pa\u00eds. O evento, que acontece entre 23 a 25 de maio, ter\u00e1 como sede o munic\u00edpio de Rio Branco (Acre) e contar\u00e1 com a participa\u00e7\u00e3o de pesquisadores, docentes e estudantes de mais de dez estados brasileiros. Conforme explica o coordenador [&hellip;]<\/p>\n","protected":false},"author":27,"featured_media":0,"comment_status":"closed","ping_status":"open","sticky":false,"template":"","format":"standard","meta":{"footnotes":""},"categories":[1],"tags":[],"class_list":["post-859","post","type-post","status-publish","format-standard","hentry","category-noticias"],"_links":{"self":[{"href":"https:\/\/web.ifac.edu.br\/fnmat\/wp-json\/wp\/v2\/posts\/859","targetHints":{"allow":["GET"]}}],"collection":[{"href":"https:\/\/web.ifac.edu.br\/fnmat\/wp-json\/wp\/v2\/posts"}],"about":[{"href":"https:\/\/web.ifac.edu.br\/fnmat\/wp-json\/wp\/v2\/types\/post"}],"author":[{"embeddable":true,"href":"https:\/\/web.ifac.edu.br\/fnmat\/wp-json\/wp\/v2\/users\/27"}],"replies":[{"embeddable":true,"href":"https:\/\/web.ifac.edu.br\/fnmat\/wp-json\/wp\/v2\/comments?post=859"}],"version-history":[{"count":0,"href":"https:\/\/web.ifac.edu.br\/fnmat\/wp-json\/wp\/v2\/posts\/859\/revisions"}],"wp:attachment":[{"href":"https:\/\/web.ifac.edu.br\/fnmat\/wp-json\/wp\/v2\/media?parent=859"}],"wp:term":[{"taxonomy":"category","embeddable":true,"href":"https:\/\/web.ifac.edu.br\/fnmat\/wp-json\/wp\/v2\/categories?post=859"},{"taxonomy":"post_tag","embeddable":true,"href":"https:\/\/web.ifac.edu.br\/fnmat\/wp-json\/wp\/v2\/tags?post=859"}],"curies":[{"name":"wp","href":"https:\/\/api.w.org\/{rel}","templated":true}]}}