{"id":836,"date":"2018-04-03T08:28:04","date_gmt":"2018-04-03T11:28:04","guid":{"rendered":"http:\/\/web.ifac.edu.br\/fnmat\/?p=836"},"modified":"2018-05-21T11:15:30","modified_gmt":"2018-05-21T14:15:30","slug":"mais-de-100-trabalhos-serao-apresentados-na-vi-feira-nacional-de-matematica","status":"publish","type":"post","link":"https:\/\/web.ifac.edu.br\/fnmat\/2018\/04\/03\/mais-de-100-trabalhos-serao-apresentados-na-vi-feira-nacional-de-matematica\/","title":{"rendered":"Mais de 100 trabalhos ser\u00e3o apresentados na VI Feira Nacional de Matem\u00e1tica"},"content":{"rendered":"<p><img fetchpriority=\"high\" decoding=\"async\" class=\"alignnone wp-image-826 size-large\" src=\"http:\/\/web.ifac.edu.br\/fnmat\/wp-content\/uploads\/sites\/33\/2018\/03\/MAT\u00c9RIA_FNMAT-1-1024x577.jpg\" alt=\"\" width=\"1024\" height=\"577\" srcset=\"https:\/\/web.ifac.edu.br\/fnmat\/wp-content\/uploads\/sites\/33\/2018\/03\/MAT\u00c9RIA_FNMAT-1-1024x577.jpg 1024w, https:\/\/web.ifac.edu.br\/fnmat\/wp-content\/uploads\/sites\/33\/2018\/03\/MAT\u00c9RIA_FNMAT-1-300x169.jpg 300w, https:\/\/web.ifac.edu.br\/fnmat\/wp-content\/uploads\/sites\/33\/2018\/03\/MAT\u00c9RIA_FNMAT-1-768x433.jpg 768w, https:\/\/web.ifac.edu.br\/fnmat\/wp-content\/uploads\/sites\/33\/2018\/03\/MAT\u00c9RIA_FNMAT-1.jpg 1298w\" sizes=\"(max-width: 1024px) 100vw, 1024px\" \/><\/p>\n<p style=\"text-align: justify\">Mais de 100 projetos envolvendo experi\u00eancias, pesquisas e atividades matem\u00e1ticas ser\u00e3o apresentados na VI Feira Nacional de Matem\u00e1tica. A informa\u00e7\u00e3o foi repassada, nesta segunda-feira (02.04), pela Funda\u00e7\u00e3o Universidade Regional de Blumenau (Furb), que divulgou resultado final de trabalhos inscritos para o evento.<\/p>\n<p style=\"text-align: justify\">Pela primeira vez, a Feira Nacional de Matem\u00e1tica ser\u00e1 realizada na regi\u00e3o Norte do pa\u00eds. Durante os dias 23 a 25 de maio, as atividades acontecer\u00e3o no munic\u00edpio de Rio Branco (Acre). A organiza\u00e7\u00e3o do evento est\u00e1 sendo\u00a0promovida\u00a0pelo Instituto Federal do Acre (Ifac), Universidade Federal do Acre (Ufac) e Furb.<\/p>\n<p style=\"text-align: center\"><strong><a href=\"http:\/\/web.ifac.edu.br\/fnmat\/resultados\/\" target=\"_blank\" rel=\"noopener noreferrer\">Acesse aqui o resultado final<\/a><\/strong><\/p>\n<p style=\"text-align: justify\">Conforme documento, dos 108 trabalhos aprovados, 68 est\u00e3o relacionados \u00e0 matem\u00e1tica aplicada e\/ou contam com inter-rela\u00e7\u00e3o com outras disciplinas, 39 projetos abordam temas ligados \u00e0 materiais e\/ou jogos did\u00e1ticos e um trabalho refere-se \u00e0 \u00e1rea de matem\u00e1tica pura.<\/p>\n<p style=\"text-align: justify\">Dos trabalhos inscritos tr\u00eas abrangem a categoria Educa\u00e7\u00e3o Especial e outros tr\u00eas a categoria Educa\u00e7\u00e3o Infantil. Al\u00e9m disso, 19 projetos est\u00e3o ligados\u00a0ao Ensino Fundamental \u2013 Anos Iniciais, e 20 trabalhos tratam sobre o Ensino Fundamental \u2013 Anos Finais. A categoria M\u00e9dio e Ensino Superior contam com 33 e 24 trabalhos, respectivamente. Tamb\u00e9m ser\u00e3o apresentados seis projetos na categoria Professor.<\/p>\n<p style=\"text-align: justify\">Na lista dos estados brasileiros que mais somam trabalhos a serem apresentados na VI Feira Nacional de Matem\u00e1tica est\u00e3o: Santa Catarina (40), Acre (24), Rio Grande do Sul (10), Amap\u00e1 (09), Bahia (08), Tocantins (06), Par\u00e1 (04), Esp\u00edrito Santo (02), Minas Gerais (02), Pernambuco (02) e Cear\u00e1 (01).<\/p>\n","protected":false},"excerpt":{"rendered":"<p>Mais de 100 projetos envolvendo experi\u00eancias, pesquisas e atividades matem\u00e1ticas ser\u00e3o apresentados na VI Feira Nacional de Matem\u00e1tica. A informa\u00e7\u00e3o foi repassada, nesta segunda-feira (02.04), pela Funda\u00e7\u00e3o Universidade Regional de Blumenau (Furb), que divulgou resultado final de trabalhos inscritos para o evento. Pela primeira vez, a Feira Nacional de Matem\u00e1tica ser\u00e1 realizada na regi\u00e3o Norte [&hellip;]<\/p>\n","protected":false},"author":27,"featured_media":0,"comment_status":"closed","ping_status":"open","sticky":false,"template":"","format":"standard","meta":{"footnotes":""},"categories":[1],"tags":[],"class_list":["post-836","post","type-post","status-publish","format-standard","hentry","category-noticias"],"_links":{"self":[{"href":"https:\/\/web.ifac.edu.br\/fnmat\/wp-json\/wp\/v2\/posts\/836","targetHints":{"allow":["GET"]}}],"collection":[{"href":"https:\/\/web.ifac.edu.br\/fnmat\/wp-json\/wp\/v2\/posts"}],"about":[{"href":"https:\/\/web.ifac.edu.br\/fnmat\/wp-json\/wp\/v2\/types\/post"}],"author":[{"embeddable":true,"href":"https:\/\/web.ifac.edu.br\/fnmat\/wp-json\/wp\/v2\/users\/27"}],"replies":[{"embeddable":true,"href":"https:\/\/web.ifac.edu.br\/fnmat\/wp-json\/wp\/v2\/comments?post=836"}],"version-history":[{"count":0,"href":"https:\/\/web.ifac.edu.br\/fnmat\/wp-json\/wp\/v2\/posts\/836\/revisions"}],"wp:attachment":[{"href":"https:\/\/web.ifac.edu.br\/fnmat\/wp-json\/wp\/v2\/media?parent=836"}],"wp:term":[{"taxonomy":"category","embeddable":true,"href":"https:\/\/web.ifac.edu.br\/fnmat\/wp-json\/wp\/v2\/categories?post=836"},{"taxonomy":"post_tag","embeddable":true,"href":"https:\/\/web.ifac.edu.br\/fnmat\/wp-json\/wp\/v2\/tags?post=836"}],"curies":[{"name":"wp","href":"https:\/\/api.w.org\/{rel}","templated":true}]}}