{"id":793,"date":"2017-07-03T14:43:12","date_gmt":"2017-07-03T17:43:12","guid":{"rendered":"http:\/\/web.ifac.edu.br\/fnmat\/?p=793"},"modified":"2017-12-15T14:48:37","modified_gmt":"2017-12-15T16:48:37","slug":"comite-para-feira-nacional-de-matematica-faz-reuniao-para-alinhamento-de-cooperacao","status":"publish","type":"post","link":"https:\/\/web.ifac.edu.br\/fnmat\/2017\/07\/03\/comite-para-feira-nacional-de-matematica-faz-reuniao-para-alinhamento-de-cooperacao\/","title":{"rendered":"Comit\u00ea para Feira Nacional de Matem\u00e1tica faz reuni\u00e3o para alinhamento de coopera\u00e7\u00e3o"},"content":{"rendered":"<p style=\"text-align: left\"><img fetchpriority=\"high\" decoding=\"async\" class=\"\" src=\"http:\/\/portal.ifac.edu.br\/images\/DSC_0027.JPG\" width=\"602\" height=\"401\" \/><\/p>\n<p style=\"text-align: left\">Foi realizada na manh\u00e3 dessa segunda-feira (03.07), na sala de reuni\u00f5es do gabinete da Reitoria do Instituto Federal do Acre (Ifac), uma nova reuni\u00e3o dos membros do comit\u00ea para a VI Feira Nacional de Matem\u00e1tica, que acontecer\u00e1 no Acre em 2018, para avaliarem as compet\u00eancias de cada parceiro para a organiza\u00e7\u00e3o do evento.<\/p>\n<p style=\"text-align: left\">A apresenta\u00e7\u00e3o foi conduzida pelos coordenadores-locais da Feira no Acre, os professores Paulo Jos\u00e9 dos Santos Pereira, do campus Rio Branco do Ifac, e Gilberto Francisco Melo, da Universidade Federal do Acre (Ufac). Estiveram presentes os membros representantes dos organizadores Ifac e Ufac, que sediar\u00e1 o evento, e de \u00f3rg\u00e3os parceiros como a Secretaria de Estado de Ci\u00eancia e Tecnologia (Sect), Secretaria Municipal de Educa\u00e7\u00e3o (SME), a Federa\u00e7\u00e3o das Ind\u00fastrias do Estado do Acre (Fieac).<\/p>\n<p style=\"text-align: left\">Na discuss\u00e3o, foram apresentados e discutidos os aportes a serem comprometidos e custeados por cada \u00f3rg\u00e3o, para garantir a realiza\u00e7\u00e3o do evento. Caber\u00e1 ao Ifac, a log\u00edstica de alojamento dos alunos que vir\u00e3o participar do evento, tal como aconteceu no X Connepi, ficar\u00e3o nas instala\u00e7\u00f5es do 4\u00ba Batalh\u00e3o de Infantaria e Selva (4\u00ba BIS), al\u00e9m de contribuir na publicidade e divulga\u00e7\u00e3o do evento e da premia\u00e7\u00e3o dos trabalhos.<\/p>\n<p style=\"text-align: left\"><img decoding=\"async\" class=\"alignnone\" src=\"http:\/\/portal.ifac.edu.br\/images\/DSC_0016.JPG\" width=\"400\" \/><br \/>\nA reitora Rosana Cavalcante dos Santos destacou a import\u00e2ncia do evento no Estado do Acre, que ser\u00e1 o primeiro a ser feito na regi\u00e3o Norte e fortalecer\u00e1 a pol\u00edtica de ci\u00eancia e tecnologia promovida pelo Instituto e buscar\u00e1 a articula\u00e7\u00e3o necess\u00e1ria para a realiza\u00e7\u00e3o do mesmo. \u201cEstaremos em contato com os demais \u00f3rg\u00e3os e parceiros para buscar novas possibilidades de coopera\u00e7\u00e3o, firmando compromissos, apresentando o que \u00e9 a Feira Nacional de Matem\u00e1tica e o porque ela \u00e9 importante\u201d, afirmou a reitora.<\/p>\n<p style=\"text-align: left\">As \u00faltimas edi\u00e7\u00f5es da Feira Nacional de Matem\u00e1tica aconteceram em cidades de Santa Catarina e em Salvador, na Bahia, e, pela primeira vez, acontecer\u00e1 fora desse eixo, possibilitando o interc\u00e2mbio de conhecimento e cultura para os alunos, e est\u00e1 programada para acontecer entre os dias 30 e 31 de maio e 01 de junho de 2018, e um dos pr\u00e9-requisitos \u00e9 a participa\u00e7\u00e3o na Feira Estadual que dever\u00e1 acontecer ainda no segundo semestre deste ano em Rio Branco.<\/p>\n<p style=\"text-align: left\">Segundo o coordenador do evento no Acre, professor de matem\u00e1tica do campus Rio Branco do Ifac, Paulo Jos\u00e9 dos Santos Pereira, os eventos integram a Rede de Feiras de Matem\u00e1tica. \u201cA rede de F\u00e9rias \u00e9 devido a forma como s\u00e3o formados o percurso at\u00e9 chegar na Nacional, devido a integra\u00e7\u00e3o dessas etapas, desde a (Feira) Municipal, Regional, Estadual e, finalmente, a Nacional\u201d, explicou Paulo Jos\u00e9. \u201cOs trabalhos s\u00e3o selecionados e submetidos as avalia\u00e7\u00f5es e classifica\u00e7\u00f5es para as etapas seguintes, mas nem todos os estados t\u00eam formado essa rede, da etapa estadual submetem para a Nacional\u201d.<\/p>\n","protected":false},"excerpt":{"rendered":"<p>Foi realizada na manh\u00e3 dessa segunda-feira (03.07), na sala de reuni\u00f5es do gabinete da Reitoria do Instituto Federal do Acre (Ifac), uma nova reuni\u00e3o dos membros do comit\u00ea para a VI Feira Nacional de Matem\u00e1tica, que acontecer\u00e1 no Acre em 2018, para avaliarem as compet\u00eancias de cada parceiro para a organiza\u00e7\u00e3o do evento. A apresenta\u00e7\u00e3o [&hellip;]<\/p>\n","protected":false},"author":15,"featured_media":0,"comment_status":"closed","ping_status":"open","sticky":false,"template":"","format":"standard","meta":{"footnotes":""},"categories":[1],"tags":[],"class_list":["post-793","post","type-post","status-publish","format-standard","hentry","category-noticias"],"_links":{"self":[{"href":"https:\/\/web.ifac.edu.br\/fnmat\/wp-json\/wp\/v2\/posts\/793","targetHints":{"allow":["GET"]}}],"collection":[{"href":"https:\/\/web.ifac.edu.br\/fnmat\/wp-json\/wp\/v2\/posts"}],"about":[{"href":"https:\/\/web.ifac.edu.br\/fnmat\/wp-json\/wp\/v2\/types\/post"}],"author":[{"embeddable":true,"href":"https:\/\/web.ifac.edu.br\/fnmat\/wp-json\/wp\/v2\/users\/15"}],"replies":[{"embeddable":true,"href":"https:\/\/web.ifac.edu.br\/fnmat\/wp-json\/wp\/v2\/comments?post=793"}],"version-history":[{"count":0,"href":"https:\/\/web.ifac.edu.br\/fnmat\/wp-json\/wp\/v2\/posts\/793\/revisions"}],"wp:attachment":[{"href":"https:\/\/web.ifac.edu.br\/fnmat\/wp-json\/wp\/v2\/media?parent=793"}],"wp:term":[{"taxonomy":"category","embeddable":true,"href":"https:\/\/web.ifac.edu.br\/fnmat\/wp-json\/wp\/v2\/categories?post=793"},{"taxonomy":"post_tag","embeddable":true,"href":"https:\/\/web.ifac.edu.br\/fnmat\/wp-json\/wp\/v2\/tags?post=793"}],"curies":[{"name":"wp","href":"https:\/\/api.w.org\/{rel}","templated":true}]}}