{"id":576,"date":"2017-11-01T19:42:57","date_gmt":"2017-11-01T21:42:57","guid":{"rendered":"http:\/\/web.ifac.edu.br\/fnmat\/?p=576"},"modified":"2017-12-15T19:50:14","modified_gmt":"2017-12-15T21:50:14","slug":"divulgado-o-regimento-da-vi-feira-nacional-de-matematica","status":"publish","type":"post","link":"https:\/\/web.ifac.edu.br\/fnmat\/2017\/11\/01\/divulgado-o-regimento-da-vi-feira-nacional-de-matematica\/","title":{"rendered":"Divulgado o regimento da VI Feira Nacional de Matem\u00e1tica"},"content":{"rendered":"<p><strong><img decoding=\"async\" class=\"wp-image-250 alignleft\" src=\"http:\/\/web.ifac.edu.br\/fnmat\/wp-content\/uploads\/sites\/33\/2017\/06\/icone_regulamento_geral-300x300.png\" alt=\"\" width=\"186\" height=\"186\" srcset=\"https:\/\/web.ifac.edu.br\/fnmat\/wp-content\/uploads\/sites\/33\/2017\/06\/icone_regulamento_geral-300x300.png 300w, https:\/\/web.ifac.edu.br\/fnmat\/wp-content\/uploads\/sites\/33\/2017\/06\/icone_regulamento_geral-150x150.png 150w, https:\/\/web.ifac.edu.br\/fnmat\/wp-content\/uploads\/sites\/33\/2017\/06\/icone_regulamento_geral.png 500w\" sizes=\"(max-width: 186px) 100vw, 186px\" \/><\/strong>A Comiss\u00e3o Central Organizadora (CCO), em conjunto com o Instituto de Educa\u00e7\u00e3o, Ci\u00eancia e Tecnologia do Acre \u2013 IFAC, atrav\u00e9s da Pr\u00f3-Reitoria de Extens\u00e3o \u2013 PROEX, da Diretoria de Extens\u00e3o Tecnol\u00f3gica, com apoio da Universidade Federal do Acre \u2013 UFAC, Governo do Estado do Acre, Prefeitura Municipal de Rio Branco, Funda\u00e7\u00e3o Universidade Regional de Blumenau \u2013 FURB, Instituto Federal Catarinense \u2013 IFC, Universidade do Estado da Bahia \u2013 UNEB e Sociedade Brasileira de Educa\u00e7\u00e3o Matem\u00e1tica \u2013 SBEM, t\u00eam por objetivo planejar e realizar a VI Feira Nacional de Matem\u00e1tica, regulamentada pelo presente regimento.<\/p>\n<p>Link para download:\u00a0<a href=\"http:\/\/web.ifac.edu.br\/fnmat\/wp-content\/uploads\/sites\/33\/2017\/12\/REGIMENTO-VI-FEIRA-DE-MATEM\u00c1TICA.pdf\">REGIMENTO VI FNMAT<\/a><\/p>\n","protected":false},"excerpt":{"rendered":"<p>A Comiss\u00e3o Central Organizadora (CCO), em conjunto com o Instituto de Educa\u00e7\u00e3o, Ci\u00eancia e Tecnologia do Acre \u2013 IFAC, atrav\u00e9s da Pr\u00f3-Reitoria de Extens\u00e3o \u2013 PROEX, da Diretoria de Extens\u00e3o Tecnol\u00f3gica, com apoio da Universidade Federal do Acre \u2013 UFAC, Governo do Estado do Acre, Prefeitura Municipal de Rio Branco, Funda\u00e7\u00e3o Universidade Regional de Blumenau [&hellip;]<\/p>\n","protected":false},"author":15,"featured_media":0,"comment_status":"closed","ping_status":"open","sticky":false,"template":"","format":"standard","meta":{"footnotes":""},"categories":[1],"tags":[],"class_list":["post-576","post","type-post","status-publish","format-standard","hentry","category-noticias"],"_links":{"self":[{"href":"https:\/\/web.ifac.edu.br\/fnmat\/wp-json\/wp\/v2\/posts\/576","targetHints":{"allow":["GET"]}}],"collection":[{"href":"https:\/\/web.ifac.edu.br\/fnmat\/wp-json\/wp\/v2\/posts"}],"about":[{"href":"https:\/\/web.ifac.edu.br\/fnmat\/wp-json\/wp\/v2\/types\/post"}],"author":[{"embeddable":true,"href":"https:\/\/web.ifac.edu.br\/fnmat\/wp-json\/wp\/v2\/users\/15"}],"replies":[{"embeddable":true,"href":"https:\/\/web.ifac.edu.br\/fnmat\/wp-json\/wp\/v2\/comments?post=576"}],"version-history":[{"count":0,"href":"https:\/\/web.ifac.edu.br\/fnmat\/wp-json\/wp\/v2\/posts\/576\/revisions"}],"wp:attachment":[{"href":"https:\/\/web.ifac.edu.br\/fnmat\/wp-json\/wp\/v2\/media?parent=576"}],"wp:term":[{"taxonomy":"category","embeddable":true,"href":"https:\/\/web.ifac.edu.br\/fnmat\/wp-json\/wp\/v2\/categories?post=576"},{"taxonomy":"post_tag","embeddable":true,"href":"https:\/\/web.ifac.edu.br\/fnmat\/wp-json\/wp\/v2\/tags?post=576"}],"curies":[{"name":"wp","href":"https:\/\/api.w.org\/{rel}","templated":true}]}}