{"id":997,"date":"2015-05-05T23:54:47","date_gmt":"2015-05-05T23:54:47","guid":{"rendered":"http:\/\/web.ifac.edu.br\/cvtagroecologia\/?p=997"},"modified":"2015-05-05T23:54:47","modified_gmt":"2015-05-05T23:54:47","slug":"projeto-apoiado-pelo-cvt-e-executado-em-sena-madureira-avalia-racoes-alternativas","status":"publish","type":"post","link":"https:\/\/web.ifac.edu.br\/cvtagroecologia\/projeto-apoiado-pelo-cvt-e-executado-em-sena-madureira-avalia-racoes-alternativas\/","title":{"rendered":"Projeto apoiado pelo CVT e executado em Sena Madureira avalia ra\u00e7\u00f5es alternativas"},"content":{"rendered":"<p><strong>PROJETO QUE AVALIA RA\u00c7\u00d5ES ALTERNATIVAS PARA PEIXES TEM APOIO DO CVT\/IFAC EST\u00c1 SENDO EXECUTADO NO MUNICIPIO DE SENA MADUREIRA<\/strong><\/p>\n<p><a href=\"http:\/\/web.ifac.edu.br\/cvtagroecologia\/wp-content\/uploads\/sites\/40\/2015\/05\/IMG_2494.jpg\"><img fetchpriority=\"high\" decoding=\"async\" class=\"aligncenter  wp-image-1004\" src=\"http:\/\/web.ifac.edu.br\/cvtagroecologia\/wp-content\/uploads\/sites\/40\/2015\/05\/IMG_2494-1024x764.jpg\" alt=\"IMG_2494\" width=\"605\" height=\"432\" \/><\/a><\/p>\n<p>O ano de 2015 iniciou com \u00f3timas perspectivas para a docente\u00a0 do Campus Sena Madureira Profa Dra Dayana Alves da Costa que \u00e9 coordenadora do projeto de piscicultura que est\u00e1 sendo desenvolvido pelo Centro Vocacional Tecnol\u00f3gico de Refer\u00eancia em Agroecologia e Produ\u00e7\u00e3o de Org\u00e2nicos (CVT Agroecologia) do Instituto Federal do Acre (IFAC) Chamada MEC\/SETEC\/CNPq N\u00b0 94\/2013, submetido para Linha 1 \u2013 Faixa \u2013 A, tem como t\u00edtulo \u201cAvalia\u00e7\u00e3o do NANOLIPE como indicador externo na estimativa da digestibilidade de alimentos alternativos para tambaqui (<em>Colossoma macropomum<\/em>)\u201d.<\/p>\n<p>O projeto tem como objetivo elabora\u00e7\u00e3o de ra\u00e7\u00f5es, a serem formuladas com alimentos alternativos da Regi\u00e3o Amaz\u00f4nica. Estes dever\u00e3o ser testados quanto \u00e0 efici\u00eancia digest\u00edvel na alimenta\u00e7\u00e3o de peixes, sendo desejada ao final da pesquisa a indica\u00e7\u00e3o de uma ou mais ra\u00e7\u00f5es desenvolvidas integralmente na Regi\u00e3o Norte.<br \/>\nO objetivo geral desse projeto \u00e9 conhecer os coeficientes de digestibilidade aparente da mat\u00e9ria seca, energia bruta, extrato et\u00e9reo e prote\u00edna bruta dos seguintes alimentos alternativos: farinha do caro\u00e7o do a\u00e7a\u00ed, farinha do res\u00edduo da castanha do Brasil, bem como da raspa de mandioca, pelo m\u00e9todo indireto com a utiliza\u00e7\u00e3o do Nanolipe e Tit\u00e2nio como indicador externo em ra\u00e7\u00f5es pr\u00e1ticas a base de farelo de soja e milho.<\/p>\n<p><a href=\"http:\/\/web.ifac.edu.br\/cvtagroecologia\/wp-content\/uploads\/sites\/40\/2015\/05\/1979324_805713789515533_8959310912040167721_o.jpg\"><img decoding=\"async\" class=\"aligncenter  wp-image-1001\" src=\"http:\/\/web.ifac.edu.br\/cvtagroecologia\/wp-content\/uploads\/sites\/40\/2015\/05\/1979324_805713789515533_8959310912040167721_o.jpg\" alt=\"1979324_805713789515533_8959310912040167721_o\" width=\"282\" height=\"327\" \/><\/a><\/p>\n<p>Desde o m\u00eas de janeiro de 2015 a equipe coordenada pela profa. Dayana est\u00e1 trabalhando diariamente e sem interrup\u00e7\u00e3o para a melhor execu\u00e7\u00e3o das atividades, a equipe \u00e9 constitu\u00edda por 5\u00a0 alunos graduando do curso de Zootecnia dentre os quais 3 bolsistas de Inicia\u00e7\u00e3o Cientifica e 2 graduando volunt\u00e1rios, parceria com professores da Universidade Federal de Minas Gerais UFMG, al\u00e9m dos professores Rosana Cavalcante dos Santos (IFAC\/UEP Baixada do Sol), Paula de Lacerda Santos Ribeiro (IFAC\/C\u00e2mpus Rio Branco), Luciano Pereira de Negreiros (IFAC\/Baixada do Sol), Marcelo Helder Medeiros Santana (IFAC\/Sena Madureira) e o T\u00e9cnico em Zootecnia Clebson Lucas de Souza.<\/p>\n<p>A monitora\u00e7\u00e3o da \u00e1gua e medi\u00e7\u00e3o dos par\u00e2metros da qualidade da \u00e1gua tais como oxig\u00eanio dissolvido, temperatura e pH est\u00e3o sendo realizados a cada 2 dias, am\u00f4nia, nitrito e alcalinidade s\u00e3o aferidos semanalmente e mensalmente s\u00e3o realizadas biometrias e medi\u00e7\u00f5es (cm) com aux\u00edlio de um paqu\u00edmetro. Toda a equipe foi treinada e capacitada para o a realiza\u00e7\u00e3o das biometrias, manuseio dos equipamentos phm\u00eatro e ox\u00edmetro digital, realizar as an\u00e1lises dos par\u00e2metros da qualidade da \u00e1gua com aux\u00edlio de um kit comercial colorim\u00e9trico e principalmente aprenderam a elaborar e confeccionar de forma artesanal as ra\u00e7\u00f5es que est\u00e3o sendo testadas no experimento.<\/p>\n<p><a href=\"http:\/\/web.ifac.edu.br\/cvtagroecologia\/wp-content\/uploads\/sites\/40\/2015\/05\/10380735_805714119515500_2299441868596929083_n.jpg\"><img decoding=\"async\" class=\"aligncenter  wp-image-1002\" src=\"http:\/\/web.ifac.edu.br\/cvtagroecologia\/wp-content\/uploads\/sites\/40\/2015\/05\/10380735_805714119515500_2299441868596929083_n.jpg\" alt=\"10380735_805714119515500_2299441868596929083_n\" width=\"517\" height=\"456\" \/><\/a><\/p>\n<p>O experimento est\u00e1 sendo realizado no Munic\u00edpio de Sena Madureira em uma \u00e1rea cedida gentilmente e provisoriamente por uma Produtora local conhecida \u201cDona Neucir\u201d. O projeto tem previs\u00e3o de termino em junho de 2015.<\/p>\n<p>\u201cO ano de 2015 ser\u00e1 o ano para plantarmos as sementes, a partir de 2016 come\u00e7arem a colher os frutos em termos de resultados, publica\u00e7\u00f5es de resumos, artigos cient\u00edficos, participa\u00e7\u00e3o em eventos nacionais entre outros. Estou muito feliz em fazer parte da equipe CVT\/IFAC de um grupo de profissionais excelentes e alunos esfor\u00e7ados e \u00a0dedicados. Apesar de todas as dificuldades j\u00e1 encontradas e outros que vir\u00e3o, sei que \u00e9 um grande desafio elevar o patamar de informa\u00e7\u00f5es dispon\u00edvel e prover a popula\u00e7\u00e3o do munic\u00edpio em que atualmente resido de conhecimentos b\u00e1sicos cient\u00edficos e tecnol\u00f3gicos. O meu papel como professora e tamb\u00e9m pesquisadora \u00e9 estimular os jovens a se tornarem profissionais da ci\u00eancia e tecnologia. \u00c9 preciso estimular os jovens estudantes a ter contato com a cultura cientifica, sendo assim, convido TODOS a conhecerem o nosso projeto e nos visitar.\u201d Diz a professora.<\/p>\n<p><a href=\"http:\/\/web.ifac.edu.br\/cvtagroecologia\/wp-content\/uploads\/sites\/40\/2015\/05\/20150312_112041.jpg\"><img loading=\"lazy\" decoding=\"async\" class=\"alignleft  wp-image-1005\" src=\"http:\/\/web.ifac.edu.br\/cvtagroecologia\/wp-content\/uploads\/sites\/40\/2015\/05\/20150312_112041-1024x990.jpg\" alt=\"20150312_112041\" width=\"271\" height=\"165\" \/><\/a><\/p>\n<p><img loading=\"lazy\" decoding=\"async\" class=\"alignleft wp-image-1003\" src=\"http:\/\/web.ifac.edu.br\/cvtagroecologia\/wp-content\/uploads\/sites\/40\/2015\/05\/20150206_062620-1024x768.jpg\" alt=\"20150206_062620\" width=\"267\" height=\"208\" \/>\u00a0<a href=\"http:\/\/web.ifac.edu.br\/cvtagroecologia\/wp-content\/uploads\/sites\/40\/2015\/05\/20150206_062620.jpg\"><br \/>\n<\/a><\/p>\n","protected":false},"excerpt":{"rendered":"<p>PROJETO QUE AVALIA RA\u00c7\u00d5ES ALTERNATIVAS PARA PEIXES TEM APOIO DO CVT\/IFAC EST\u00c1 SENDO EXECUTADO NO MUNICIPIO DE SENA MADUREIRA O ano de 2015 iniciou com \u00f3timas perspectivas para a docente\u00a0 do Campus Sena Madureira Profa Dra Dayana Alves da Costa<\/p>\n","protected":false},"author":51,"featured_media":1004,"comment_status":"closed","ping_status":"open","sticky":false,"template":"","format":"standard","meta":{"footnotes":""},"categories":[1],"tags":[],"class_list":["post-997","post","type-post","status-publish","format-standard","has-post-thumbnail","hentry","category-sem-categoria"],"_links":{"self":[{"href":"https:\/\/web.ifac.edu.br\/cvtagroecologia\/wp-json\/wp\/v2\/posts\/997","targetHints":{"allow":["GET"]}}],"collection":[{"href":"https:\/\/web.ifac.edu.br\/cvtagroecologia\/wp-json\/wp\/v2\/posts"}],"about":[{"href":"https:\/\/web.ifac.edu.br\/cvtagroecologia\/wp-json\/wp\/v2\/types\/post"}],"author":[{"embeddable":true,"href":"https:\/\/web.ifac.edu.br\/cvtagroecologia\/wp-json\/wp\/v2\/users\/51"}],"replies":[{"embeddable":true,"href":"https:\/\/web.ifac.edu.br\/cvtagroecologia\/wp-json\/wp\/v2\/comments?post=997"}],"version-history":[{"count":0,"href":"https:\/\/web.ifac.edu.br\/cvtagroecologia\/wp-json\/wp\/v2\/posts\/997\/revisions"}],"wp:featuredmedia":[{"embeddable":true,"href":"https:\/\/web.ifac.edu.br\/cvtagroecologia\/wp-json\/"}],"wp:attachment":[{"href":"https:\/\/web.ifac.edu.br\/cvtagroecologia\/wp-json\/wp\/v2\/media?parent=997"}],"wp:term":[{"taxonomy":"category","embeddable":true,"href":"https:\/\/web.ifac.edu.br\/cvtagroecologia\/wp-json\/wp\/v2\/categories?post=997"},{"taxonomy":"post_tag","embeddable":true,"href":"https:\/\/web.ifac.edu.br\/cvtagroecologia\/wp-json\/wp\/v2\/tags?post=997"}],"curies":[{"name":"wp","href":"https:\/\/api.w.org\/{rel}","templated":true}]}}