{"id":970,"date":"2015-04-15T13:32:42","date_gmt":"2015-04-15T13:32:42","guid":{"rendered":"http:\/\/web.ifac.edu.br\/cvtagroecologia\/?p=970"},"modified":"2015-04-15T13:32:42","modified_gmt":"2015-04-15T13:32:42","slug":"certificacao-de-curso-fic-no-polo-wilson-pinheiro","status":"publish","type":"post","link":"https:\/\/web.ifac.edu.br\/cvtagroecologia\/certificacao-de-curso-fic-no-polo-wilson-pinheiro\/","title":{"rendered":"Certifica\u00e7\u00e3o de Curso FIC no P\u00f3lo Wilson Pinheiro"},"content":{"rendered":"<figure id=\"attachment_975\" aria-describedby=\"caption-attachment-975\" style=\"width: 277px\" class=\"wp-caption alignleft\"><a href=\"http:\/\/web.ifac.edu.br\/cvtagroecologia\/wp-content\/uploads\/sites\/40\/2015\/04\/DSC00161.jpg\"><img fetchpriority=\"high\" decoding=\"async\" class=\"wp-image-975\" src=\"http:\/\/web.ifac.edu.br\/cvtagroecologia\/wp-content\/uploads\/sites\/40\/2015\/04\/DSC00162-1024x768.jpg\" alt=\"DSC00162\" width=\"277\" height=\"208\" \/><\/a><figcaption id=\"caption-attachment-975\" class=\"wp-caption-text\">Certifica\u00e7\u00e3o de Curso FIC no P\u00f3lo Wilson Pinheiro<\/figcaption><\/figure>\n<p>No dia 27 de Mar\u00e7o ocorreu a entrega de certificados do curso de Agroecologia e Produ\u00e7\u00e3o de Org\u00e2nicos, Aplicados \u00e1 produ\u00e7\u00e3o na Agricultura Familiar, realizado pelo Centro Vocacional Tecnol\u00f3gico de Referencia em Agroecologia e Produ\u00e7\u00e3o Org\u00e2nica do Acre-CVT Acre.<br \/>\nO curso foi ofertado no polo Wilson Pinheiro pelo T\u00e9cnico agr\u00edcola Josivan Pereira de Ara\u00fajo, no per\u00edodo de 04 de novembro de 2013 a 28 de fevereiro de 2014. Com o intuito de capacitar e aprimorar as t\u00e9cnicas utilizadas na comunidade, foram abordados os seguintes assuntos: Manejo Agroecol\u00f3gico do solo, cria\u00e7\u00e3o racional de frangos e galinhas caipiras em sistema semi-intensivo\/org\u00e2nicos, horticultura org\u00e2nica, \u00e9tica e controle social da garantia da qualidade org\u00e2nica e intercambio, totalizando uma carga hor\u00e1ria de 200h.<br \/>\nPara fazer a entrega dos mesmos foram solicitados a presen\u00e7a da Professora Sandra Teixeira e o ministrante do curso o T\u00e9cnico Josivan Pereira de Ara\u00fajo, a ocasi\u00e3o contou com a participa\u00e7\u00e3o dos alunos e representantes da comunidade os quais foram beneficiados com o curso.<\/p>\n<figure id=\"attachment_972\" aria-describedby=\"caption-attachment-972\" style=\"width: 326px\" class=\"wp-caption alignleft\"><a href=\"http:\/\/web.ifac.edu.br\/cvtagroecologia\/wp-content\/uploads\/sites\/40\/2015\/04\/DSC00159.jpg\"><img decoding=\"async\" class=\"wp-image-972\" src=\"http:\/\/web.ifac.edu.br\/cvtagroecologia\/wp-content\/uploads\/sites\/40\/2015\/04\/DSC00159-1024x768.jpg\" alt=\"DSC00159\" width=\"326\" height=\"244\" \/><\/a><figcaption id=\"caption-attachment-972\" class=\"wp-caption-text\">Comunidade do P\u00f3lo Wilson Pinheiro.<\/figcaption><\/figure>\n<figure id=\"attachment_973\" aria-describedby=\"caption-attachment-973\" style=\"width: 332px\" class=\"wp-caption alignleft\"><img decoding=\"async\" class=\"wp-image-973\" src=\"http:\/\/web.ifac.edu.br\/cvtagroecologia\/wp-content\/uploads\/sites\/40\/2015\/04\/DSC00160-1024x768.jpg\" alt=\"DSC00160\" width=\"332\" height=\"249\" \/><figcaption id=\"caption-attachment-973\" class=\"wp-caption-text\">Entrega dos certificados.<\/figcaption><\/figure>\n<figure id=\"attachment_974\" aria-describedby=\"caption-attachment-974\" style=\"width: 328px\" class=\"wp-caption alignleft\"><img loading=\"lazy\" decoding=\"async\" class=\"wp-image-974\" src=\"http:\/\/web.ifac.edu.br\/cvtagroecologia\/wp-content\/uploads\/sites\/40\/2015\/04\/DSC00161-1024x768.jpg\" alt=\"DSC00161\" width=\"328\" height=\"246\" \/><figcaption id=\"caption-attachment-974\" class=\"wp-caption-text\">Curso FIC, Agroecologia e Produ\u00e7\u00e3o de Org\u00e2nicos, Aplicados \u00e1 produ\u00e7\u00e3o na Agricultura Familiar.<\/figcaption><\/figure>\n<figure id=\"attachment_971\" aria-describedby=\"caption-attachment-971\" style=\"width: 336px\" class=\"wp-caption alignright\"><img loading=\"lazy\" decoding=\"async\" class=\"wp-image-971\" src=\"http:\/\/web.ifac.edu.br\/cvtagroecologia\/wp-content\/uploads\/sites\/40\/2015\/04\/DSC00156-1024x768.jpg\" alt=\"DSC00156\" width=\"336\" height=\"252\" \/><figcaption id=\"caption-attachment-971\" class=\"wp-caption-text\">Mediador do curso, T\u00e9cnico agr\u00edcola Josivan Pereira.<\/figcaption><\/figure>\n","protected":false},"excerpt":{"rendered":"<p>No dia 27 de Mar\u00e7o ocorreu a entrega de certificados do curso de Agroecologia e Produ\u00e7\u00e3o de Org\u00e2nicos, Aplicados \u00e1 produ\u00e7\u00e3o na Agricultura Familiar, realizado pelo Centro Vocacional Tecnol\u00f3gico de Referencia em Agroecologia e Produ\u00e7\u00e3o Org\u00e2nica do Acre-CVT Acre. O<\/p>\n","protected":false},"author":51,"featured_media":975,"comment_status":"closed","ping_status":"open","sticky":false,"template":"","format":"standard","meta":{"footnotes":""},"categories":[1],"tags":[],"class_list":["post-970","post","type-post","status-publish","format-standard","has-post-thumbnail","hentry","category-sem-categoria"],"_links":{"self":[{"href":"https:\/\/web.ifac.edu.br\/cvtagroecologia\/wp-json\/wp\/v2\/posts\/970","targetHints":{"allow":["GET"]}}],"collection":[{"href":"https:\/\/web.ifac.edu.br\/cvtagroecologia\/wp-json\/wp\/v2\/posts"}],"about":[{"href":"https:\/\/web.ifac.edu.br\/cvtagroecologia\/wp-json\/wp\/v2\/types\/post"}],"author":[{"embeddable":true,"href":"https:\/\/web.ifac.edu.br\/cvtagroecologia\/wp-json\/wp\/v2\/users\/51"}],"replies":[{"embeddable":true,"href":"https:\/\/web.ifac.edu.br\/cvtagroecologia\/wp-json\/wp\/v2\/comments?post=970"}],"version-history":[{"count":0,"href":"https:\/\/web.ifac.edu.br\/cvtagroecologia\/wp-json\/wp\/v2\/posts\/970\/revisions"}],"wp:featuredmedia":[{"embeddable":true,"href":"https:\/\/web.ifac.edu.br\/cvtagroecologia\/wp-json\/"}],"wp:attachment":[{"href":"https:\/\/web.ifac.edu.br\/cvtagroecologia\/wp-json\/wp\/v2\/media?parent=970"}],"wp:term":[{"taxonomy":"category","embeddable":true,"href":"https:\/\/web.ifac.edu.br\/cvtagroecologia\/wp-json\/wp\/v2\/categories?post=970"},{"taxonomy":"post_tag","embeddable":true,"href":"https:\/\/web.ifac.edu.br\/cvtagroecologia\/wp-json\/wp\/v2\/tags?post=970"}],"curies":[{"name":"wp","href":"https:\/\/api.w.org\/{rel}","templated":true}]}}