{"id":866,"date":"2015-01-05T11:58:12","date_gmt":"2015-01-05T11:58:12","guid":{"rendered":"http:\/\/web.ifac.edu.br\/cvtagroecologia\/?p=866"},"modified":"2015-01-05T11:58:12","modified_gmt":"2015-01-05T11:58:12","slug":"cvt-agroecologia-e-prorrogado-por-mais-seis-meses","status":"publish","type":"post","link":"https:\/\/web.ifac.edu.br\/cvtagroecologia\/cvt-agroecologia-e-prorrogado-por-mais-seis-meses\/","title":{"rendered":"CVT  Agroecologia \u00e9 prorrogado por mais seis meses."},"content":{"rendered":"<p><a href=\"http:\/\/web.ifac.edu.br\/cvtagroecologia\/wp-content\/uploads\/sites\/40\/2015\/01\/logo-final-curvas.jpg\"><img decoding=\"async\" class=\"alignleft wp-image-867 size-medium\" src=\"http:\/\/web.ifac.edu.br\/cvtagroecologia\/wp-content\/uploads\/sites\/40\/2015\/01\/logo-final-curvas-300x122.jpg\" alt=\"\" width=\"300\" height=\"122\" \/><\/a>O Centro Vocacional Tecnol\u00f3gico de Refer\u00eancia em Agroecologia e Produ\u00e7\u00e3o de Org\u00e2nicos do Acre &#8211; CVT Agroecologia, processo 406063\/2012-5, foi prorrogado por mais seis meses. A prorroga\u00e7\u00e3o teve inicio no dia 26\/12\/14 e valer\u00e1 at\u00e9 o dia 25\/06 do corrente ano. Visto que isso acrescentar\u00e1 de forma positiva, pois haver\u00e1 mais oportunidades para trocas de experi\u00eancias com produtores org\u00e2nicos, visando o benef\u00edcio da produ\u00e7\u00e3o sustent\u00e1vel e de qualidade.<\/p>\n<p>Al\u00e9m de dar continuidade a realiza\u00e7\u00e3o do Interc\u00e2mbio de Produtores, apoiar a publica\u00e7\u00e3o do livro de Res\u00edduos Org\u00e2nicos, e finalizar o curso FIC &#8211; Forma\u00e7\u00e3o Inicial e \u00a0Continuada, oferecido pelo pr\u00f3prio CVT Agroecologia.<\/p>\n<p>&nbsp;<\/p>\n<p>&nbsp;<\/p>\n","protected":false},"excerpt":{"rendered":"<p>O Centro Vocacional Tecnol\u00f3gico de Refer\u00eancia em Agroecologia e Produ\u00e7\u00e3o de Org\u00e2nicos do Acre &#8211; CVT Agroecologia, processo 406063\/2012-5, foi prorrogado por mais seis meses. A prorroga\u00e7\u00e3o teve inicio no dia 26\/12\/14 e valer\u00e1 at\u00e9 o dia 25\/06 do corrente<\/p>\n","protected":false},"author":51,"featured_media":867,"comment_status":"closed","ping_status":"open","sticky":false,"template":"","format":"standard","meta":{"footnotes":""},"categories":[5],"tags":[],"class_list":["post-866","post","type-post","status-publish","format-standard","has-post-thumbnail","hentry","category-noticias"],"_links":{"self":[{"href":"https:\/\/web.ifac.edu.br\/cvtagroecologia\/wp-json\/wp\/v2\/posts\/866","targetHints":{"allow":["GET"]}}],"collection":[{"href":"https:\/\/web.ifac.edu.br\/cvtagroecologia\/wp-json\/wp\/v2\/posts"}],"about":[{"href":"https:\/\/web.ifac.edu.br\/cvtagroecologia\/wp-json\/wp\/v2\/types\/post"}],"author":[{"embeddable":true,"href":"https:\/\/web.ifac.edu.br\/cvtagroecologia\/wp-json\/wp\/v2\/users\/51"}],"replies":[{"embeddable":true,"href":"https:\/\/web.ifac.edu.br\/cvtagroecologia\/wp-json\/wp\/v2\/comments?post=866"}],"version-history":[{"count":0,"href":"https:\/\/web.ifac.edu.br\/cvtagroecologia\/wp-json\/wp\/v2\/posts\/866\/revisions"}],"wp:featuredmedia":[{"embeddable":true,"href":"https:\/\/web.ifac.edu.br\/cvtagroecologia\/wp-json\/"}],"wp:attachment":[{"href":"https:\/\/web.ifac.edu.br\/cvtagroecologia\/wp-json\/wp\/v2\/media?parent=866"}],"wp:term":[{"taxonomy":"category","embeddable":true,"href":"https:\/\/web.ifac.edu.br\/cvtagroecologia\/wp-json\/wp\/v2\/categories?post=866"},{"taxonomy":"post_tag","embeddable":true,"href":"https:\/\/web.ifac.edu.br\/cvtagroecologia\/wp-json\/wp\/v2\/tags?post=866"}],"curies":[{"name":"wp","href":"https:\/\/api.w.org\/{rel}","templated":true}]}}