{"id":57,"date":"2014-02-12T10:34:33","date_gmt":"2014-02-12T10:34:33","guid":{"rendered":"http:\/\/web.ifac.edu.br\/cvtagroecologia\/?p=57"},"modified":"2014-02-12T10:34:33","modified_gmt":"2014-02-12T10:34:33","slug":"cvt-agroecologia-consolida-pesquisas-com-intercambio-a-centros-de-referencia-em-agricultura-tropical","status":"publish","type":"post","link":"https:\/\/web.ifac.edu.br\/cvtagroecologia\/cvt-agroecologia-consolida-pesquisas-com-intercambio-a-centros-de-referencia-em-agricultura-tropical\/","title":{"rendered":"CVT Agroecologia consolida pesquisas com interc\u00e2mbio a Centros de Refer\u00eancia em Agricultura Tropical"},"content":{"rendered":"<figure id=\"attachment_99\" aria-describedby=\"caption-attachment-99\" style=\"width: 650px\" class=\"wp-caption aligncenter\"><img fetchpriority=\"high\" decoding=\"async\" class=\"wp-image-99 size-full\" src=\"http:\/\/web.ifac.edu.br\/cvtagroecologia\/wp-content\/uploads\/sites\/40\/2014\/04\/CVT-visitaum.jpg\" alt=\"\" width=\"650\" height=\"363\" \/><figcaption id=\"caption-attachment-99\" class=\"wp-caption-text\">Prof\u00aa Rosana Cavalcante dos Santos &#8211; Instituto Federal do Acre \u2013 IFAC com pesquisadores do International Center for Tropical Agriculture &#8211; CIAT<\/figcaption><\/figure>\n<p>Uma equipe de pesquisadores do CVT Agroecologia formada pela profa. Rosana Cavalcante dos Santos, do Instituto Federal do Acre \u2013 IFAC, os professores da Universidade Federal do Acre \u2013 UFAC, Eduardo Pacca Luna Mattar, El\u00edzio Frade J\u00fanior, t\u00e9cnico Givanildo Ortega e o pesquisador da Embrapa Acre, Amauri Siviero, visitaram o <em>International Center for Tropical Agriculture \u2013 CIAT<\/em>, <em>Centro para la Investigaci\u00f3n en Sistemas Sostenibles de Producci\u00f3n Agropecu\u00e1ria \u2013 CIPAV<\/em> e o <em>Centro Nacional para el Estudio del Bamb\u00fa-Guadua<\/em>.<\/p>\n<p>O interc\u00e2mbio foi realizado por professores da UFAC C\u00e2mpus Floresta \u2013 Cruzeiro do Sul, que s\u00e3o membros do N\u00facleo de Agroecologia do Juru\u00e1 (NAVJuru\u00e1), grupo que desenvolve projetos de pesquisa e extens\u00e3o com foco na agricultura familiar da Amaz\u00f4nia, no \u00e2mbito do CVT Agroecologia. As visitas foram financiadas pelo Centro Vocacional Tecnol\u00f3gico de Refer\u00eancia em Agroecologia e Produ\u00e7\u00e3o de Org\u00e2nicos do Acre \u2013 CVT, com apoio do Conselho Nacional de Desenvolvimento Cient\u00edfico e Tecnol\u00f3gico (CNPq) e do Minist\u00e9rio de Agricultura, Pecu\u00e1ria e Abastecimento (Mapa).<\/p>\n<figure id=\"attachment_100\" aria-describedby=\"caption-attachment-100\" style=\"width: 300px\" class=\"wp-caption alignleft\"><a href=\"http:\/\/web.ifac.edu.br\/cvtagroecologia\/wp-content\/uploads\/sites\/40\/2014\/04\/CVT-visitadois.jpg\"><img decoding=\"async\" class=\"wp-image-100 size-medium\" src=\"http:\/\/web.ifac.edu.br\/cvtagroecologia\/wp-content\/uploads\/sites\/40\/2014\/04\/CVT-visitadois-300x167.jpg\" alt=\"\" width=\"300\" height=\"167\" \/><\/a><figcaption id=\"caption-attachment-100\" class=\"wp-caption-text\">Prof\u00aa Rosana Cavalcante dos Santos em visita t\u00e9cnica<\/figcaption><\/figure>\n<p>As visitas ocorrerem nos meses de dezembro de 2013 e janeiro de 2014 e tiveram como objetivo contribuir para elabora\u00e7\u00e3o de um document\u00e1rio com o tema \u201cT\u00e9cnicas agroecol\u00f3gicas para produ\u00e7\u00e3o familiar nos tr\u00f3picos \u00famidos\u201d. Em cada institui\u00e7\u00e3o e produtor visitado, foram registrados depoimentos, imagens e v\u00eddeos sobre t\u00e9cnicas agroecol\u00f3gicas de cultivo e conserva\u00e7\u00e3o de recursos naturais, que servir\u00e1 de material did\u00e1tico para agricultores, professores, alunos e extensionistas.<\/p>\n<p>O interc\u00e2mbio abriu as portas do CIAT, CIPAV e Centro Nacional de Guadua &#8211; Bamb\u00fa para pesquisadores, e estudantes do IFAC e da UFAC que queiram desenvolver projetos de pesquisas com tecnologias, m\u00e9todos e conhecimentos que melhor permitam aos agricultores, principalmente os pequenos produtores, aumentar a eco efici\u00eancia com foco na Agroecologia, destaca a coordenadora do CVT, profa. Rosana Cavalcante dos Santos.<\/p>\n<p><strong>Troca de experi\u00eancias<\/strong> &#8211; Ao CIPAV, com sede em Cali, na Col\u00f4mbia, a visita t\u00e9cnica ocorreu em dezembro de 2013, atrav\u00e9s da \u201cGira de intercambio t\u00e9cnico de experi\u00eancias em sistemas ganaderos de producci\u00f3n sostenibles\u201d e foram visitadas oito propriedades agroecol\u00f3gicas nos munic\u00edpios de Cali, Jamund\u00ed, Tulu\u00e1, Bugalagrande, Montenegro, Ulloa e Alcal\u00e1.<\/p>\n<p>Na visita ao CIAT, tamb\u00e9m com sede em Cali, refer\u00eancia mundial na conserva\u00e7\u00e3o e melhoramento gen\u00e9tico, foram visitados os bancos de germoplasma de feij\u00e3o e mandioca, al\u00e9m das tecnologias participativas e visita a dez fincas agroecol\u00f3gicas (propriedades rurais) no munic\u00edpio de Morales, Departamento de Cauca, organizada pela Universidade Nacional da Col\u00f4mbia e Uni\u00e3o Municipal de Assist\u00eancia T\u00e9cnica Agr\u00edcola \u2013 UMATA.<\/p>\n<p>A Coordenadora do CVT professora Rosana Cavalcante dos Santos e o Pesquisador da Embrapa Acre Amauri Siviero tamb\u00e9m tiveram agenda com pesquisadores de renome internacional em Phaseolus, como Daniel G. Debouck, Indupulapati M. Rao, e o Diretor do CIAT para Am\u00e9rica Latina e Caribe o Brasileiro Elcio P. Guimar\u00e3es.<\/p>\n<p>O CVT Agroecologia vem desenvolvendo pesquisas na \u00e1rea de agrobiodiversidade de feij\u00e3o crioulo, e na oportunidade foram apresentados os produtos recentemente lan\u00e7ados como o cart\u00e3o postal \u201cFeij\u00f5es crioulos do Vale do Juru\u00e1\u201d, com distribui\u00e7\u00e3o gratuita com a inten\u00e7\u00e3o de divulgar essa riqueza cultural e biol\u00f3gica da regi\u00e3o e P\u00f4ster com fotos de v\u00e1rios tipos de feij\u00f5es crioulos do Juru\u00e1, com o objetivo de gerar informa\u00e7\u00f5es sobre estes feij\u00f5es a fim de agregar valor e favorecer a conserva\u00e7\u00e3o \u201cin situ\u201d destas cultivares. \u201cOs materiais foram muito elogiados e tiveram bastante repercuss\u00e3o nas institui\u00e7\u00f5es colombianas\u201d, disse a professora.<\/p>\n<figure id=\"attachment_101\" aria-describedby=\"caption-attachment-101\" style=\"width: 650px\" class=\"wp-caption aligncenter\"><a href=\"http:\/\/web.ifac.edu.br\/cvtagroecologia\/wp-content\/uploads\/sites\/40\/2014\/04\/CVT-visitatres.jpg\"><img decoding=\"async\" class=\"wp-image-101 size-full\" src=\"http:\/\/web.ifac.edu.br\/cvtagroecologia\/wp-content\/uploads\/sites\/40\/2014\/04\/CVT-visitatres.jpg\" alt=\"\" width=\"650\" height=\"363\" \/><\/a><figcaption id=\"caption-attachment-101\" class=\"wp-caption-text\">Pesquisador da Embrapa Acre Dr. Amauri Siviero em visita t\u00e9cnica na Col\u00f4mbia<\/figcaption><\/figure>\n<p>A visita ao Centro Nacional para el Estudio del Bamb\u00fa \u2013 Guadua, localizado no munic\u00edpio de C\u00f3rdoba (Quind\u00edo), teve como objetivo a busca de tecnologias agroecol\u00f3gicas aplic\u00e1veis \u00e0 agricultura familiar na Amaz\u00f4nia. O centro presta servi\u00e7os de treinamento para profissionais, acad\u00eamicos, estudantes, agricultores, associa\u00e7\u00f5es, entidades governamentais, ONGs entre outros, aonde s\u00e3o abordados temas como Hist\u00f3ria da Guadua, classifica\u00e7\u00e3o taxon\u00f4mica, morfologia, biologia, ecologia, fases de crescimento, esp\u00e9cie, variedade, bi\u00f3topos, propriedades f\u00edsico-mec\u00e2nicas, uso de plantas, cortes, limpeza e desbaste,<\/p>\n<p>secagem e preserva\u00e7\u00e3o, hidrata\u00e7\u00e3o, m\u00e9todos de propaga\u00e7\u00e3o e transplante, plantio estabelecimento da cultura, sistemas de semeadura, transplante de raiz nua, custos de implanta\u00e7\u00e3o.<\/p>\n<p>Fomte:\u00a0http:\/\/www.ifac.edu.br\/index.php?option=com_content&amp;view=article&amp;id=2517<\/p>\n","protected":false},"excerpt":{"rendered":"<p>Uma equipe de pesquisadores do CVT Agroecologia formada pela profa. Rosana Cavalcante dos Santos, do Instituto Federal do Acre \u2013 IFAC, os professores da Universidade Federal do Acre \u2013 UFAC, Eduardo Pacca Luna Mattar, El\u00edzio Frade J\u00fanior, t\u00e9cnico Givanildo Ortega<\/p>\n","protected":false},"author":52,"featured_media":103,"comment_status":"closed","ping_status":"open","sticky":false,"template":"","format":"standard","meta":{"footnotes":""},"categories":[5],"tags":[],"class_list":["post-57","post","type-post","status-publish","format-standard","has-post-thumbnail","hentry","category-noticias"],"_links":{"self":[{"href":"https:\/\/web.ifac.edu.br\/cvtagroecologia\/wp-json\/wp\/v2\/posts\/57","targetHints":{"allow":["GET"]}}],"collection":[{"href":"https:\/\/web.ifac.edu.br\/cvtagroecologia\/wp-json\/wp\/v2\/posts"}],"about":[{"href":"https:\/\/web.ifac.edu.br\/cvtagroecologia\/wp-json\/wp\/v2\/types\/post"}],"author":[{"embeddable":true,"href":"https:\/\/web.ifac.edu.br\/cvtagroecologia\/wp-json\/wp\/v2\/users\/52"}],"replies":[{"embeddable":true,"href":"https:\/\/web.ifac.edu.br\/cvtagroecologia\/wp-json\/wp\/v2\/comments?post=57"}],"version-history":[{"count":0,"href":"https:\/\/web.ifac.edu.br\/cvtagroecologia\/wp-json\/wp\/v2\/posts\/57\/revisions"}],"wp:featuredmedia":[{"embeddable":true,"href":"https:\/\/web.ifac.edu.br\/cvtagroecologia\/wp-json\/"}],"wp:attachment":[{"href":"https:\/\/web.ifac.edu.br\/cvtagroecologia\/wp-json\/wp\/v2\/media?parent=57"}],"wp:term":[{"taxonomy":"category","embeddable":true,"href":"https:\/\/web.ifac.edu.br\/cvtagroecologia\/wp-json\/wp\/v2\/categories?post=57"},{"taxonomy":"post_tag","embeddable":true,"href":"https:\/\/web.ifac.edu.br\/cvtagroecologia\/wp-json\/wp\/v2\/tags?post=57"}],"curies":[{"name":"wp","href":"https:\/\/api.w.org\/{rel}","templated":true}]}}