{"id":54,"date":"2014-05-29T09:02:29","date_gmt":"2014-05-29T09:02:29","guid":{"rendered":"http:\/\/web.ifac.edu.br\/cvtagroecologia\/?p=54"},"modified":"2014-05-29T09:02:29","modified_gmt":"2014-05-29T09:02:29","slug":"cvt-agroecologia-conclui-curso-fic-no-polo-de-assentamento-wilson-pinheiro","status":"publish","type":"post","link":"https:\/\/web.ifac.edu.br\/cvtagroecologia\/cvt-agroecologia-conclui-curso-fic-no-polo-de-assentamento-wilson-pinheiro\/","title":{"rendered":"CVT Agroecologia conclui curso FIC no Polo de Assentamento Wilson Pinheiro"},"content":{"rendered":"<figure id=\"attachment_55\" aria-describedby=\"caption-attachment-55\" style=\"width: 300px\" class=\"wp-caption alignleft\"><img fetchpriority=\"high\" decoding=\"async\" class=\"wp-image-55 size-medium\" src=\"http:\/\/web.ifac.edu.br\/cvtagroecologia\/wp-content\/uploads\/sites\/40\/2014\/04\/notA01-300x181.jpg\" alt=\"CURSO FIC\" width=\"300\" height=\"181\" \/><figcaption id=\"caption-attachment-55\" class=\"wp-caption-text\">Curso FIC<\/figcaption><\/figure>\n<p>O Centro Vocacional Tecnol\u00f3gico de Refer\u00eancia em Agroecologia e Produ\u00e7\u00e3o Org\u00e2nica do Acre (CVT-Acre), concluiu em Fevereiro, o Curso de Forma\u00e7\u00e3o Inicial Continuada (FIC) \u201cAgroecologia e produ\u00e7\u00e3o de org\u00e2nicos, aplicados \u00e0 produ\u00e7\u00e3o na agricultura familiar\u201d.<\/p>\n<p>O curso, com carga hor\u00e1ria de 200 horas, foi oferecido ao grupo de produtores familiares do polo de assentamento Wilson Pinheiro, localizado no Km 41 da Transacreana, zona rural do munic\u00edpio de Rio Branco e estudantes do curso T\u00e9cnico em Agroecologia do IFAC, C\u00e2mpus Avan\u00e7ado Baixada do Sol.<\/p>\n<p>A capacita\u00e7\u00e3o possui alinhamento com o Eixo de Recursos Naturais dos C\u00e2mpus do IFAC que oferecem curso em Agroecologia (C\u00e2mpus Avan\u00e7ado Baixada do Sol, Xapuri e Cruzeiro do Sul) pois permite a verticaliza\u00e7\u00e3o com os cursos t\u00e9cnicos em agropecu\u00e1ria e agroecologia superior e t\u00e9cnico, sua oferta est\u00e1 inserida dentro das finalidades institucionais do IFAC.<\/p>\n<figure id=\"attachment_94\" aria-describedby=\"caption-attachment-94\" style=\"width: 600px\" class=\"wp-caption aligncenter\"><a href=\"http:\/\/web.ifac.edu.br\/cvtagroecologia\/wp-content\/uploads\/sites\/40\/2014\/04\/image003.jpg\"><img decoding=\"async\" class=\"wp-image-94 size-full\" src=\"http:\/\/web.ifac.edu.br\/cvtagroecologia\/wp-content\/uploads\/sites\/40\/2014\/04\/image003.jpg\" alt=\"INSERIR LEGENDA\" width=\"600\" height=\"363\" \/><\/a><figcaption id=\"caption-attachment-94\" class=\"wp-caption-text\">INSERIR LEGENDA<\/figcaption><\/figure>\n<p>Esta atividade estava prevista no eixo gerencial de cria\u00e7\u00e3o do CVT consistindo basicamente na organiza\u00e7\u00e3o, estrutura pedag\u00f3gica e logisticamente de cursos de capacita\u00e7\u00e3o de FIC na \u00e1rea de agroecologia e produ\u00e7\u00e3o de alimentos org\u00e2nicos. Estavam previsto tr\u00eas cursos FICs em Agroecologia: um no Juru\u00e1 (C\u00e2mpus Cruzeiro do Sul), um em Rio Branco (Polo de Assentamento Wilson Pinheiro) e um em Acrel\u00e2ndia (Escola Fam\u00edlia Agr\u00edcola Jean Pierre Mingan).<\/p>\n<p>\u201cOs cursos de forma\u00e7\u00e3o s\u00e3o vistos como uma oportunidade de cria\u00e7\u00e3o de formas de abordagem e ac\u00famulo de pr\u00e1tica e reflex\u00e3o, para que as a\u00e7\u00f5es de pesquisa e extens\u00e3o desenvolvidas pelo CVT Agroecologia sejam convertidas em educa\u00e7\u00e3o profissional de qualidade e adaptada \u00e0s necessidades dos grupos parceiros\u201d comenta a professora Rosana Cavalcante dos Santos, coordenadora do CVT.<\/p>\n<figure id=\"attachment_95\" aria-describedby=\"caption-attachment-95\" style=\"width: 300px\" class=\"wp-caption alignright\"><a href=\"http:\/\/web.ifac.edu.br\/cvtagroecologia\/wp-content\/uploads\/sites\/40\/2014\/04\/image005.jpg\"><img decoding=\"async\" class=\"size-medium wp-image-95\" src=\"http:\/\/web.ifac.edu.br\/cvtagroecologia\/wp-content\/uploads\/sites\/40\/2014\/04\/image005-300x181.jpg\" alt=\"Participaram do curso de forma\u00e7\u00e3o v\u00e1rios parceiros do CVT Agroecologia atrav\u00e9s da disponibiliza\u00e7\u00e3o de seus t\u00e9cnicos como instrutores a saber: Sandra Tereza Teixeira e Josivam Pereira do Araujo - Cooperativa de Gest\u00e3o Avan\u00e7ada (CIGA); Andresson Assis - Associa\u00e7\u00e3o S\u00f3cio Participativa (ACS); Maria do Carmo e Maria Ros\u00e2ngela -  Superintend\u00eancia da Agricultura Familiar no Acre (SFA\/AC).\" width=\"300\" height=\"181\" \/><\/a><figcaption id=\"caption-attachment-95\" class=\"wp-caption-text\">Participaram do curso de forma\u00e7\u00e3o v\u00e1rios parceiros do CVT Agroecologia atrav\u00e9s da disponibiliza\u00e7\u00e3o de seus t\u00e9cnicos como instrutores a saber: Sandra Tereza Teixeira e Josivam Pereira do Araujo &#8211; Cooperativa de Gest\u00e3o Avan\u00e7ada (CIGA); Andresson Assis &#8211; Associa\u00e7\u00e3o S\u00f3cio Participativa (ACS); Maria do Carmo e Maria Ros\u00e2ngela &#8211; Superintend\u00eancia da Agricultura Familiar no Acre (SFA\/AC).<\/figcaption><\/figure>\n<p>Todos os m\u00f3dulos foram ministrados na associa\u00e7\u00e3o dos produtores do polo Wilson Pinheiro, a partir de parceria realizada entre o CVT Agroecologia e Cooperativa dos produtores org\u00e2nicos do estado do Acre (Coproacre), tendo como objetivo a realiza\u00e7\u00e3o de processos educativos fundamentados na troca e di\u00e1logos de saberes, na multi, inter e transdisciplinaridade, na pr\u00e1xis educativa e em metodologias did\u00e1tico-pedag\u00f3gicas incentivando a participa\u00e7\u00e3o e protagonismo dos sujeitos envolvidos. O resultado principal foi a troca de experi\u00eancias a partir da realidade local, sendo este um diferencial para o sucesso do curso, que capacitou 20 produtores e 10 estudantes do IFAC\/C\u00e2mpus Avan\u00e7ado Baixada do Sol do curso T\u00e9cnico em Agroecologia .<\/p>\n<p>(<em>Com informa\u00e7\u00f5es do CVT Agroecologia<\/em>)<\/p>\n","protected":false},"excerpt":{"rendered":"<p>O Centro Vocacional Tecnol\u00f3gico de Refer\u00eancia em Agroecologia e Produ\u00e7\u00e3o Org\u00e2nica do Acre (CVT-Acre), concluiu em Fevereiro, o Curso de Forma\u00e7\u00e3o Inicial Continuada (FIC) \u201cAgroecologia e produ\u00e7\u00e3o de org\u00e2nicos, aplicados \u00e0 produ\u00e7\u00e3o na agricultura familiar\u201d. O curso, com carga hor\u00e1ria<\/p>\n","protected":false},"author":52,"featured_media":94,"comment_status":"closed","ping_status":"open","sticky":false,"template":"","format":"standard","meta":{"footnotes":""},"categories":[5],"tags":[],"class_list":["post-54","post","type-post","status-publish","format-standard","has-post-thumbnail","hentry","category-noticias"],"_links":{"self":[{"href":"https:\/\/web.ifac.edu.br\/cvtagroecologia\/wp-json\/wp\/v2\/posts\/54","targetHints":{"allow":["GET"]}}],"collection":[{"href":"https:\/\/web.ifac.edu.br\/cvtagroecologia\/wp-json\/wp\/v2\/posts"}],"about":[{"href":"https:\/\/web.ifac.edu.br\/cvtagroecologia\/wp-json\/wp\/v2\/types\/post"}],"author":[{"embeddable":true,"href":"https:\/\/web.ifac.edu.br\/cvtagroecologia\/wp-json\/wp\/v2\/users\/52"}],"replies":[{"embeddable":true,"href":"https:\/\/web.ifac.edu.br\/cvtagroecologia\/wp-json\/wp\/v2\/comments?post=54"}],"version-history":[{"count":0,"href":"https:\/\/web.ifac.edu.br\/cvtagroecologia\/wp-json\/wp\/v2\/posts\/54\/revisions"}],"wp:featuredmedia":[{"embeddable":true,"href":"https:\/\/web.ifac.edu.br\/cvtagroecologia\/wp-json\/"}],"wp:attachment":[{"href":"https:\/\/web.ifac.edu.br\/cvtagroecologia\/wp-json\/wp\/v2\/media?parent=54"}],"wp:term":[{"taxonomy":"category","embeddable":true,"href":"https:\/\/web.ifac.edu.br\/cvtagroecologia\/wp-json\/wp\/v2\/categories?post=54"},{"taxonomy":"post_tag","embeddable":true,"href":"https:\/\/web.ifac.edu.br\/cvtagroecologia\/wp-json\/wp\/v2\/tags?post=54"}],"curies":[{"name":"wp","href":"https:\/\/api.w.org\/{rel}","templated":true}]}}