{"id":382,"date":"2014-08-07T10:38:58","date_gmt":"2014-08-07T10:38:58","guid":{"rendered":"http:\/\/web.ifac.edu.br\/cvtagroecologia\/?p=382"},"modified":"2014-08-07T10:38:58","modified_gmt":"2014-08-07T10:38:58","slug":"curso-de-adubacao-organica-para-produtores-e-alunos-cvtacre-2","status":"publish","type":"post","link":"https:\/\/web.ifac.edu.br\/cvtagroecologia\/curso-de-adubacao-organica-para-produtores-e-alunos-cvtacre-2\/","title":{"rendered":"Curso de Aduba\u00e7\u00e3o Org\u00e2nica para Produtores e Alunos \u2013 CVT\/Acre"},"content":{"rendered":"<div style=\"width: 640px;\" class=\"wp-video\"><video class=\"wp-video-shortcode\" id=\"video-382-1\" width=\"640\" height=\"360\" preload=\"metadata\" controls=\"controls\"><source type=\"video\/youtube\" src=\"https:\/\/www.youtube.com\/watch?v=KPjYkc38V3M&#038;_=1\" \/><a href=\"https:\/\/www.youtube.com\/watch?v=KPjYkc38V3M\">https:\/\/www.youtube.com\/watch?v=KPjYkc38V3M<\/a><\/video><\/div>\n","protected":false},"excerpt":{"rendered":"","protected":false},"author":52,"featured_media":383,"comment_status":"closed","ping_status":"open","sticky":false,"template":"","format":"standard","meta":{"footnotes":""},"categories":[6],"tags":[],"class_list":["post-382","post","type-post","status-publish","format-standard","has-post-thumbnail","hentry","category-videos"],"_links":{"self":[{"href":"https:\/\/web.ifac.edu.br\/cvtagroecologia\/wp-json\/wp\/v2\/posts\/382","targetHints":{"allow":["GET"]}}],"collection":[{"href":"https:\/\/web.ifac.edu.br\/cvtagroecologia\/wp-json\/wp\/v2\/posts"}],"about":[{"href":"https:\/\/web.ifac.edu.br\/cvtagroecologia\/wp-json\/wp\/v2\/types\/post"}],"author":[{"embeddable":true,"href":"https:\/\/web.ifac.edu.br\/cvtagroecologia\/wp-json\/wp\/v2\/users\/52"}],"replies":[{"embeddable":true,"href":"https:\/\/web.ifac.edu.br\/cvtagroecologia\/wp-json\/wp\/v2\/comments?post=382"}],"version-history":[{"count":0,"href":"https:\/\/web.ifac.edu.br\/cvtagroecologia\/wp-json\/wp\/v2\/posts\/382\/revisions"}],"wp:featuredmedia":[{"embeddable":true,"href":"https:\/\/web.ifac.edu.br\/cvtagroecologia\/wp-json\/"}],"wp:attachment":[{"href":"https:\/\/web.ifac.edu.br\/cvtagroecologia\/wp-json\/wp\/v2\/media?parent=382"}],"wp:term":[{"taxonomy":"category","embeddable":true,"href":"https:\/\/web.ifac.edu.br\/cvtagroecologia\/wp-json\/wp\/v2\/categories?post=382"},{"taxonomy":"post_tag","embeddable":true,"href":"https:\/\/web.ifac.edu.br\/cvtagroecologia\/wp-json\/wp\/v2\/tags?post=382"}],"curies":[{"name":"wp","href":"https:\/\/api.w.org\/{rel}","templated":true}]}}