{"id":2688,"date":"2020-06-03T09:27:01","date_gmt":"2020-06-03T12:27:01","guid":{"rendered":"http:\/\/web.ifac.edu.br\/cvtagroecologia\/?p=2688"},"modified":"2020-06-06T20:57:48","modified_gmt":"2020-06-06T23:57:48","slug":"semana-do-meio-ambiente-2020","status":"publish","type":"post","link":"https:\/\/web.ifac.edu.br\/cvtagroecologia\/semana-do-meio-ambiente-2020\/","title":{"rendered":"Semana do Meio Ambiente 2020"},"content":{"rendered":"<p><em>Professora Williane Martins fala um pouco da agricultura de baixo impacto para Amaz\u00f4nia: Alternativas para o n\u00e3o uso da queimada na agricultura na Amaz\u00f4nia<\/em><\/p>\n<p>&nbsp;<\/p>\n<p>&nbsp;<\/p>\n<p>Assista o v\u00eddeo:<\/p>\n<div style=\"width: 640px;\" class=\"wp-video\"><video class=\"wp-video-shortcode\" id=\"video-2688-1\" width=\"640\" height=\"352\" poster=\"https:\/\/web.ifac.edu.br\/cvtagroecologia\/wp-content\/uploads\/sites\/40\/2020\/06\/CAPA.png\" preload=\"metadata\" controls=\"controls\"><source type=\"video\/mp4\" src=\"https:\/\/web.ifac.edu.br\/cvtagroecologia\/wp-content\/uploads\/sites\/40\/2020\/06\/VID-20200605-WA0006.mp4?_=1\" \/><a href=\"https:\/\/web.ifac.edu.br\/cvtagroecologia\/wp-content\/uploads\/sites\/40\/2020\/06\/VID-20200605-WA0006.mp4\">https:\/\/web.ifac.edu.br\/cvtagroecologia\/wp-content\/uploads\/sites\/40\/2020\/06\/VID-20200605-WA0006.mp4<\/a><\/video><\/div>\n<p>&nbsp;<\/p>\n<p>&nbsp;<\/p>\n<p>&nbsp;<\/p>\n","protected":false},"excerpt":{"rendered":"<p>Professora Williane Martins fala um pouco da agricultura de baixo impacto para Amaz\u00f4nia: Alternativas para o n\u00e3o uso da queimada na agricultura na Amaz\u00f4nia &nbsp; &nbsp; Assista o v\u00eddeo: &nbsp; &nbsp; &nbsp;<\/p>\n","protected":false},"author":51,"featured_media":0,"comment_status":"open","ping_status":"open","sticky":false,"template":"","format":"standard","meta":{"footnotes":""},"categories":[5,6],"tags":[],"class_list":["post-2688","post","type-post","status-publish","format-standard","hentry","category-noticias","category-videos"],"_links":{"self":[{"href":"https:\/\/web.ifac.edu.br\/cvtagroecologia\/wp-json\/wp\/v2\/posts\/2688","targetHints":{"allow":["GET"]}}],"collection":[{"href":"https:\/\/web.ifac.edu.br\/cvtagroecologia\/wp-json\/wp\/v2\/posts"}],"about":[{"href":"https:\/\/web.ifac.edu.br\/cvtagroecologia\/wp-json\/wp\/v2\/types\/post"}],"author":[{"embeddable":true,"href":"https:\/\/web.ifac.edu.br\/cvtagroecologia\/wp-json\/wp\/v2\/users\/51"}],"replies":[{"embeddable":true,"href":"https:\/\/web.ifac.edu.br\/cvtagroecologia\/wp-json\/wp\/v2\/comments?post=2688"}],"version-history":[{"count":0,"href":"https:\/\/web.ifac.edu.br\/cvtagroecologia\/wp-json\/wp\/v2\/posts\/2688\/revisions"}],"wp:attachment":[{"href":"https:\/\/web.ifac.edu.br\/cvtagroecologia\/wp-json\/wp\/v2\/media?parent=2688"}],"wp:term":[{"taxonomy":"category","embeddable":true,"href":"https:\/\/web.ifac.edu.br\/cvtagroecologia\/wp-json\/wp\/v2\/categories?post=2688"},{"taxonomy":"post_tag","embeddable":true,"href":"https:\/\/web.ifac.edu.br\/cvtagroecologia\/wp-json\/wp\/v2\/tags?post=2688"}],"curies":[{"name":"wp","href":"https:\/\/api.w.org\/{rel}","templated":true}]}}