{"id":2600,"date":"2019-10-23T09:50:44","date_gmt":"2019-10-23T12:50:44","guid":{"rendered":"http:\/\/web.ifac.edu.br\/cvtagroecologia\/?p=2600"},"modified":"2019-11-20T20:10:55","modified_gmt":"2019-11-20T22:10:55","slug":"caravana-fic-cultivo-e-processamento-da-mandioca","status":"publish","type":"post","link":"https:\/\/web.ifac.edu.br\/cvtagroecologia\/caravana-fic-cultivo-e-processamento-da-mandioca\/","title":{"rendered":"Caravana e Curso FIC &#8211; Cultivo e Processamento da Mandioca"},"content":{"rendered":"<p><img fetchpriority=\"high\" decoding=\"async\" class=\"aligncenter wp-image-2609 size-large\" src=\"https:\/\/web.ifac.edu.br\/cvtagroecologia\/wp-content\/uploads\/sites\/40\/2019\/11\/casa-de-farinha-modelo-1024x768.jpg\" alt=\"\" width=\"750\" height=\"563\" srcset=\"https:\/\/web.ifac.edu.br\/cvtagroecologia\/wp-content\/uploads\/sites\/40\/2019\/11\/casa-de-farinha-modelo-1024x768.jpg 1024w, https:\/\/web.ifac.edu.br\/cvtagroecologia\/wp-content\/uploads\/sites\/40\/2019\/11\/casa-de-farinha-modelo-300x225.jpg 300w, https:\/\/web.ifac.edu.br\/cvtagroecologia\/wp-content\/uploads\/sites\/40\/2019\/11\/casa-de-farinha-modelo-768x576.jpg 768w, https:\/\/web.ifac.edu.br\/cvtagroecologia\/wp-content\/uploads\/sites\/40\/2019\/11\/casa-de-farinha-modelo-1536x1152.jpg 1536w, https:\/\/web.ifac.edu.br\/cvtagroecologia\/wp-content\/uploads\/sites\/40\/2019\/11\/casa-de-farinha-modelo-2048x1536.jpg 2048w\" sizes=\"(max-width: 750px) 100vw, 750px\" \/><\/p>\n<p>&nbsp;<\/p>\n<p style=\"text-align: justify\">Vivenciar na pr\u00e1tica as t\u00e9cnicas de cultivo e processamento da mandioca no Estado como tamb\u00e9m conhecer as experi\u00eancias dos produtores por meio da visita\u00e7\u00e3o \u00e0s propriedades rurais da regi\u00e3o do Juru\u00e1\u00a0 foram os objetivos\u00a0 das atividades de 50 horas de pr\u00e1tica do curso FIC &#8211; Forma\u00e7\u00e3o Inicial e Continuada, sobre o Cultivo e Processamento da Mandioca.\u00a0 O publico alvo foram alunos do curso t\u00e9cnico em Agroecologia &#8211; campus Xapuri, produtores rurais do Polo agroflorestal Xapuri II e participantes do Curso de Forma\u00e7\u00e3o Inicial e Continuada.<\/p>\n<p style=\"text-align: justify\">Durante o percurso da Caravana da Mandioca foi poss\u00edvel conhecer outros campus do Ifac, tais como o de Sena Madureira, Tarauac\u00e1 e Cruzeiro do Sul. Foi realizada visitas aos produtores rurais das comunidades locais para conhecer o cultivo da mandioca e as diferentes produ\u00e7\u00f5es da regi\u00e3o.<\/p>\n<p><img decoding=\"async\" class=\"aligncenter wp-image-2604 size-large\" src=\"https:\/\/web.ifac.edu.br\/cvtagroecologia\/wp-content\/uploads\/sites\/40\/2019\/11\/Nato-8kg-de-raiz-768x1024.jpg\" alt=\"\" width=\"750\" height=\"1000\" srcset=\"https:\/\/web.ifac.edu.br\/cvtagroecologia\/wp-content\/uploads\/sites\/40\/2019\/11\/Nato-8kg-de-raiz-768x1024.jpg 768w, https:\/\/web.ifac.edu.br\/cvtagroecologia\/wp-content\/uploads\/sites\/40\/2019\/11\/Nato-8kg-de-raiz-225x300.jpg 225w, https:\/\/web.ifac.edu.br\/cvtagroecologia\/wp-content\/uploads\/sites\/40\/2019\/11\/Nato-8kg-de-raiz-1152x1536.jpg 1152w, https:\/\/web.ifac.edu.br\/cvtagroecologia\/wp-content\/uploads\/sites\/40\/2019\/11\/Nato-8kg-de-raiz-1536x2048.jpg 1536w, https:\/\/web.ifac.edu.br\/cvtagroecologia\/wp-content\/uploads\/sites\/40\/2019\/11\/Nato-8kg-de-raiz-scaled.jpg 1920w\" sizes=\"(max-width: 750px) 100vw, 750px\" \/><\/p>\n<p><img decoding=\"async\" class=\"aligncenter wp-image-2606 size-large\" src=\"https:\/\/web.ifac.edu.br\/cvtagroecologia\/wp-content\/uploads\/sites\/40\/2019\/11\/farinha-Milito-1024x768.jpg\" alt=\"\" width=\"750\" height=\"563\" srcset=\"https:\/\/web.ifac.edu.br\/cvtagroecologia\/wp-content\/uploads\/sites\/40\/2019\/11\/farinha-Milito-1024x768.jpg 1024w, https:\/\/web.ifac.edu.br\/cvtagroecologia\/wp-content\/uploads\/sites\/40\/2019\/11\/farinha-Milito-300x225.jpg 300w, https:\/\/web.ifac.edu.br\/cvtagroecologia\/wp-content\/uploads\/sites\/40\/2019\/11\/farinha-Milito-768x576.jpg 768w, https:\/\/web.ifac.edu.br\/cvtagroecologia\/wp-content\/uploads\/sites\/40\/2019\/11\/farinha-Milito-1536x1152.jpg 1536w, https:\/\/web.ifac.edu.br\/cvtagroecologia\/wp-content\/uploads\/sites\/40\/2019\/11\/farinha-Milito-2048x1536.jpg 2048w\" sizes=\"(max-width: 750px) 100vw, 750px\" \/><\/p>\n<p>&nbsp;<\/p>\n<p><img loading=\"lazy\" decoding=\"async\" class=\"aligncenter wp-image-2616 size-large\" src=\"https:\/\/web.ifac.edu.br\/cvtagroecologia\/wp-content\/uploads\/sites\/40\/2019\/11\/IMG-20190622-WA0006-1024x768.jpg\" alt=\"\" width=\"750\" height=\"563\" srcset=\"https:\/\/web.ifac.edu.br\/cvtagroecologia\/wp-content\/uploads\/sites\/40\/2019\/11\/IMG-20190622-WA0006-1024x768.jpg 1024w, https:\/\/web.ifac.edu.br\/cvtagroecologia\/wp-content\/uploads\/sites\/40\/2019\/11\/IMG-20190622-WA0006-300x225.jpg 300w, https:\/\/web.ifac.edu.br\/cvtagroecologia\/wp-content\/uploads\/sites\/40\/2019\/11\/IMG-20190622-WA0006-768x576.jpg 768w, https:\/\/web.ifac.edu.br\/cvtagroecologia\/wp-content\/uploads\/sites\/40\/2019\/11\/IMG-20190622-WA0006.jpg 1280w\" sizes=\"(max-width: 750px) 100vw, 750px\" \/><\/p>\n<p><strong>Depoimentos<\/strong><\/p>\n<p style=\"text-align: justify\">Para Jocicleide de Lima Moraes \u2013 produtora rural residente no Polo Agroflorestal Xapuri II, \u201co curso muito proveitoso, aprendi bastante, tenho muitas ideias na cabe\u00e7a, temos ro\u00e7a, trabalho com macaxeira, farinha e goma, vendo na feira.\u201d<\/p>\n<p style=\"text-align: justify\">Cleison da Silva Monteiro, aluno do Curso T\u00e9cnico em Agroecologia, afirmou que \u201cparticipar de uma pr\u00e1tica dessas \u00e9 um grande aprendizado pois na teoria \u00e9 diferente, temos uma no\u00e7\u00e3o, j\u00e1 a pr\u00e1tica complementa a teoria tornando mais f\u00e1cil o aprendizado e enriquecendo o que estudamos.\u201d Cleison \u00e9 como produtor rural em Xapuri e atua em diferentes \u00e1reas de produ\u00e7\u00e3o e da pecu\u00e1ria.<\/p>\n<p><img loading=\"lazy\" decoding=\"async\" class=\"aligncenter wp-image-2608 size-large\" src=\"https:\/\/web.ifac.edu.br\/cvtagroecologia\/wp-content\/uploads\/sites\/40\/2019\/11\/colecao-mandioca-jurua-2019-2-1024x768.jpg\" alt=\"\" width=\"750\" height=\"563\" srcset=\"https:\/\/web.ifac.edu.br\/cvtagroecologia\/wp-content\/uploads\/sites\/40\/2019\/11\/colecao-mandioca-jurua-2019-2-1024x768.jpg 1024w, https:\/\/web.ifac.edu.br\/cvtagroecologia\/wp-content\/uploads\/sites\/40\/2019\/11\/colecao-mandioca-jurua-2019-2-300x225.jpg 300w, https:\/\/web.ifac.edu.br\/cvtagroecologia\/wp-content\/uploads\/sites\/40\/2019\/11\/colecao-mandioca-jurua-2019-2-768x576.jpg 768w, https:\/\/web.ifac.edu.br\/cvtagroecologia\/wp-content\/uploads\/sites\/40\/2019\/11\/colecao-mandioca-jurua-2019-2-1536x1152.jpg 1536w, https:\/\/web.ifac.edu.br\/cvtagroecologia\/wp-content\/uploads\/sites\/40\/2019\/11\/colecao-mandioca-jurua-2019-2-2048x1536.jpg 2048w\" sizes=\"(max-width: 750px) 100vw, 750px\" \/><\/p>\n<p style=\"text-align: justify\">Uilson Fernando Matter, agr\u00f4nomo do campus Xapuri, avaliou a atividade como uma excelente oportunidade por terem contato com situa\u00e7\u00f5es enriquecedoras que envolve o conhecimento de diferentes tipos de solos, relevos, culturas, costumes e contatos com produtores, de certa forma, eles t\u00eam uma vis\u00e3o geral do estado do Acre, o que enriquece os seus estudos, j\u00e1 para os produtores que vieram \u00e9 importante para conhecer o sistema<\/p>\n<p style=\"text-align: justify\">Para o Prof. Rafhael, coordenador da atividade, \u201cessa \u00e9 uma oportunidade de conhecer a cultura e as diferentes formas de cultivo realizadas no Juru\u00e1, conhecendo tamb\u00e9m a estrutura dos outros campus, sendo esta uma experi\u00eancia enriquecedora realizada por meio das visita\u00e7\u00f5es, ao frigor\u00edfico Friboi, produtores locais e finalizando em Cruzeiro do Sul, onde a caravana ir\u00e1 visitar a produ\u00e7\u00e3o de farinha.<\/p>\n<p style=\"text-align: justify\">A a\u00e7\u00e3o contou com a parceria do Idaf, Ufac e CVT Agroecologia Acre. Na oportunidade, o engenheiro agr\u00f4nomo e pesquisador da Embrapa \u2013 Acre, Amauri Siviero, ministrou uma palestra aos alunos do campus Tarauac\u00e1 sobre a identifica\u00e7\u00e3o da monil\u00edase, fungo que ataca o cacau e o cupua\u00e7u, esse fungo ainda n\u00e3o foi encontrado no Brasil, por\u00e9m j\u00e1 existe em alguns pa\u00edses de fronteira, como Peru e Bol\u00edvia. A palestra teve como objetivo demonstrar como ocorre a a\u00e7\u00e3o dos fungos, o seu reconhecimento e o alerta para que, ao serem identificados, os \u00f3rg\u00e3os respons\u00e1veis pelo combate sejam comunicados.<\/p>\n<p style=\"text-align: justify\">Al\u00e9m das atividades envolvendo a cultura da mandioca, os alunos visitaram um sistema de produ\u00e7\u00e3o abacaxis em Tarauac\u00e1.<\/p>\n<p style=\"text-align: justify\">\n","protected":false},"excerpt":{"rendered":"<p>&nbsp; Vivenciar na pr\u00e1tica as t\u00e9cnicas de cultivo e processamento da mandioca no Estado como tamb\u00e9m conhecer as experi\u00eancias dos produtores por meio da visita\u00e7\u00e3o \u00e0s propriedades rurais da regi\u00e3o do Juru\u00e1\u00a0 foram os objetivos\u00a0 das atividades de 50 horas<\/p>\n","protected":false},"author":51,"featured_media":0,"comment_status":"open","ping_status":"open","sticky":false,"template":"","format":"standard","meta":{"footnotes":""},"categories":[1],"tags":[],"class_list":["post-2600","post","type-post","status-publish","format-standard","hentry","category-sem-categoria"],"_links":{"self":[{"href":"https:\/\/web.ifac.edu.br\/cvtagroecologia\/wp-json\/wp\/v2\/posts\/2600","targetHints":{"allow":["GET"]}}],"collection":[{"href":"https:\/\/web.ifac.edu.br\/cvtagroecologia\/wp-json\/wp\/v2\/posts"}],"about":[{"href":"https:\/\/web.ifac.edu.br\/cvtagroecologia\/wp-json\/wp\/v2\/types\/post"}],"author":[{"embeddable":true,"href":"https:\/\/web.ifac.edu.br\/cvtagroecologia\/wp-json\/wp\/v2\/users\/51"}],"replies":[{"embeddable":true,"href":"https:\/\/web.ifac.edu.br\/cvtagroecologia\/wp-json\/wp\/v2\/comments?post=2600"}],"version-history":[{"count":0,"href":"https:\/\/web.ifac.edu.br\/cvtagroecologia\/wp-json\/wp\/v2\/posts\/2600\/revisions"}],"wp:attachment":[{"href":"https:\/\/web.ifac.edu.br\/cvtagroecologia\/wp-json\/wp\/v2\/media?parent=2600"}],"wp:term":[{"taxonomy":"category","embeddable":true,"href":"https:\/\/web.ifac.edu.br\/cvtagroecologia\/wp-json\/wp\/v2\/categories?post=2600"},{"taxonomy":"post_tag","embeddable":true,"href":"https:\/\/web.ifac.edu.br\/cvtagroecologia\/wp-json\/wp\/v2\/tags?post=2600"}],"curies":[{"name":"wp","href":"https:\/\/api.w.org\/{rel}","templated":true}]}}