{"id":260,"date":"2014-07-22T14:32:13","date_gmt":"2014-07-22T14:32:13","guid":{"rendered":"http:\/\/web.ifac.edu.br\/cvtagroecologia\/?p=260"},"modified":"2014-07-22T14:32:13","modified_gmt":"2014-07-22T14:32:13","slug":"cvt-agroecologia-apresenta-pesquisas-e-trabalhos-em-site-do-ifac","status":"publish","type":"post","link":"https:\/\/web.ifac.edu.br\/cvtagroecologia\/cvt-agroecologia-apresenta-pesquisas-e-trabalhos-em-site-do-ifac\/","title":{"rendered":"CVT Agroecologia apresenta pesquisas e trabalhos em site do IFAC"},"content":{"rendered":"<p><a href=\"http:\/\/web.ifac.edu.br\/cvtagroecologia\/wp-content\/uploads\/sites\/40\/2014\/07\/banner_cvt_destaque.jpg\"><img fetchpriority=\"high\" decoding=\"async\" class=\"alignright  wp-image-261\" src=\"http:\/\/web.ifac.edu.br\/cvtagroecologia\/wp-content\/uploads\/sites\/40\/2014\/07\/banner_cvt_destaque.jpg\" alt=\"banner_cvt_destaque\" width=\"826\" height=\"214\" \/><\/a><\/p>\n<p>O \u00fanico Centro Vocacional Tecnol\u00f3gico de Refer\u00eancia em Agroecologia e Produ\u00e7\u00e3o Org\u00e2nica do Acre \u2013 CVT Agroecologia, vinculado ao Instituto Federal do Acre &#8211; IFAC, e que est\u00e1 em pleno funcionamento no Estado, ter\u00e1 a partir de hoje, espa\u00e7o no site institucional do IFAC.<\/p>\n<p>O CVT Agroecologia \u00e9 um projeto aprovado atrav\u00e9s da Chamada MCTI\/MEC\/MAPA\/CNPq &#8211; Edital 46\/2012 e tem como miss\u00e3o ser um centro de refer\u00eancia para o desenvolvimento rural sustent\u00e1vel e dos conhecimentos e pr\u00e1ticas de produ\u00e7\u00e3o org\u00e2nica e de base agroecol\u00f3gica no Acre. Sua atua\u00e7\u00e3o no IFAC abrange projetos desenvolvidos nos cinco c\u00e2mpus e no C\u00e2mpus Avan\u00e7ado Baixada do Sol.<\/p>\n<p>De acordo com a coordenadora geral do CVT Agroecologia, Prof\u00aa Dra. Rosana Cavalcante dos Santos, as a\u00e7\u00f5es dos projetos do CVT ocorrem por meio do desenvolvimento de atividades de extens\u00e3o tecnol\u00f3gica, pesquisa cient\u00edfica e educa\u00e7\u00e3o profissional na \u00e1rea de agroecologia e produ\u00e7\u00e3o org\u00e2nica de alimentos.<\/p>\n<p>Como acessar o site do CVT Agroecologia &#8211; No banner CVT Agroecologia, localizado na \u00e1rea &#8220;Servi\u00e7os&#8221; do site do IFAC, o internauta vai conhecer Projetos, Eventos, Publica\u00e7\u00f5es e Not\u00edcias em que os destaques s\u00e3o os projetos executados ou apoiados pelo Centro Vocacional Tecnol\u00f3gico.<\/p>\n<p>A equipe do CVT Agroecologia \u00e9 formada por t\u00e9cnicos, professores e pesquisadores que atuam na Universidade Federal do Acre \u2013 UFAC\/ C\u00e2mpus Floresta Cruzeiro do Sul, no Instituto Federal do Acre \u2013 IFAC\/C\u00e2mpus Cruzeiro do Sul, Rio Branco, Sena Madureira, Xapuri, e na Empresa Brasileira de Pesquisa Agropecu\u00e1ria \u2013 Embrapa\/AC.<\/p>\n","protected":false},"excerpt":{"rendered":"<p>O \u00fanico Centro Vocacional Tecnol\u00f3gico de Refer\u00eancia em Agroecologia e Produ\u00e7\u00e3o Org\u00e2nica do Acre \u2013 CVT Agroecologia, vinculado ao Instituto Federal do Acre &#8211; IFAC, e que est\u00e1 em pleno funcionamento no Estado, ter\u00e1 a partir de hoje, espa\u00e7o no<\/p>\n","protected":false},"author":49,"featured_media":0,"comment_status":"closed","ping_status":"open","sticky":false,"template":"","format":"standard","meta":{"footnotes":""},"categories":[1],"tags":[],"class_list":["post-260","post","type-post","status-publish","format-standard","hentry","category-sem-categoria"],"_links":{"self":[{"href":"https:\/\/web.ifac.edu.br\/cvtagroecologia\/wp-json\/wp\/v2\/posts\/260","targetHints":{"allow":["GET"]}}],"collection":[{"href":"https:\/\/web.ifac.edu.br\/cvtagroecologia\/wp-json\/wp\/v2\/posts"}],"about":[{"href":"https:\/\/web.ifac.edu.br\/cvtagroecologia\/wp-json\/wp\/v2\/types\/post"}],"author":[{"embeddable":true,"href":"https:\/\/web.ifac.edu.br\/cvtagroecologia\/wp-json\/wp\/v2\/users\/49"}],"replies":[{"embeddable":true,"href":"https:\/\/web.ifac.edu.br\/cvtagroecologia\/wp-json\/wp\/v2\/comments?post=260"}],"version-history":[{"count":0,"href":"https:\/\/web.ifac.edu.br\/cvtagroecologia\/wp-json\/wp\/v2\/posts\/260\/revisions"}],"wp:attachment":[{"href":"https:\/\/web.ifac.edu.br\/cvtagroecologia\/wp-json\/wp\/v2\/media?parent=260"}],"wp:term":[{"taxonomy":"category","embeddable":true,"href":"https:\/\/web.ifac.edu.br\/cvtagroecologia\/wp-json\/wp\/v2\/categories?post=260"},{"taxonomy":"post_tag","embeddable":true,"href":"https:\/\/web.ifac.edu.br\/cvtagroecologia\/wp-json\/wp\/v2\/tags?post=260"}],"curies":[{"name":"wp","href":"https:\/\/api.w.org\/{rel}","templated":true}]}}