{"id":2557,"date":"2019-10-08T10:18:32","date_gmt":"2019-10-08T13:18:32","guid":{"rendered":"http:\/\/web.ifac.edu.br\/cvtagroecologia\/?p=2557"},"modified":"2019-10-08T12:13:21","modified_gmt":"2019-10-08T15:13:21","slug":"capacitacao-do-curso-fic-e-caravana-da-mandioca","status":"publish","type":"post","link":"https:\/\/web.ifac.edu.br\/cvtagroecologia\/capacitacao-do-curso-fic-e-caravana-da-mandioca\/","title":{"rendered":"Capacita\u00e7\u00e3o do curso FIC e Caravana da Mandioca"},"content":{"rendered":"<p><img fetchpriority=\"high\" decoding=\"async\" class=\"aligncenter wp-image-2558 size-large\" src=\"https:\/\/web.ifac.edu.br\/cvtagroecologia\/wp-content\/uploads\/sites\/40\/2019\/10\/IMG-20191007-WA0011-1024x768.jpg\" alt=\"\" width=\"750\" height=\"563\" srcset=\"https:\/\/web.ifac.edu.br\/cvtagroecologia\/wp-content\/uploads\/sites\/40\/2019\/10\/IMG-20191007-WA0011-1024x768.jpg 1024w, https:\/\/web.ifac.edu.br\/cvtagroecologia\/wp-content\/uploads\/sites\/40\/2019\/10\/IMG-20191007-WA0011-300x225.jpg 300w, https:\/\/web.ifac.edu.br\/cvtagroecologia\/wp-content\/uploads\/sites\/40\/2019\/10\/IMG-20191007-WA0011-768x576.jpg 768w, https:\/\/web.ifac.edu.br\/cvtagroecologia\/wp-content\/uploads\/sites\/40\/2019\/10\/IMG-20191007-WA0011.jpg 1280w\" sizes=\"(max-width: 750px) 100vw, 750px\" \/><\/p>\n<p style=\"text-align: justify\">\u00a0Ap\u00f3s a capacita\u00e7\u00e3o dos alunos no curso de Forma\u00e7\u00e3o Inicial Continuada (FIC ) Produ\u00e7\u00e3o e Processamento da Mandioca, com carga hor\u00e1ria de 160 h,\u00a0 realizado no Campus Xapuri do IFAC, nesta segunda feira (07.10) alunos, profissionais de ATER e coordenadores deram in\u00edcio a Caravana da Mandioca que percorrer\u00e1 os municipais de Sena Madureira, Tarauac\u00e1 e Cruzeiro do sul com visitas t\u00e9cnicas a produtores de mandioca.<\/p>\n<p style=\"text-align: justify\">O evento que promove na pr\u00e1tica a capacita\u00e7\u00e3o conceitual, metodol\u00f3gica e troca de saberes de experi\u00eancias entre agricultores, t\u00e9cnicos e pesquisadores no intuito de unir os conhecimentos populares aos cient\u00edficos, al\u00e9m de um novo olhar sobre as experi\u00eancias agroecol\u00f3gicas.<\/p>\n<p style=\"text-align: justify\">O projeto Centro Vocacional Tecnol\u00f3gico de Refer\u00eancia em Agroecologia e Produ\u00e7\u00e3o Org\u00e2nica do Acre (CVT), financiado pelo CNPq\u00a0 \u00e9 coordenado por\u00a0 Rosana Cavalcante e contou com a parceria do pesquisador Amauri Siviero (Embrapa), Docentes do Campus Xapuri, Raphael Gomes, Genildo Cavalcante, Dyego da Costa, C\u00e9sar Claudino, Joel Bezerra, Anselmo Gon\u00e7alves e Alexandre Carneiro, UFAC e Fundo Amaz\u00f4nia.<\/p>\n<p style=\"text-align: justify\">No IFAC a oferta de cursos FIC comp\u00f5e o conjunto de atividades, sendo inerentes \u00e0s atividades de ensino, articulada \u00e0s \u00e1reas da pesquisa e extens\u00e3o.<\/p>\n<p>&nbsp;<\/p>\n","protected":false},"excerpt":{"rendered":"<p>\u00a0Ap\u00f3s a capacita\u00e7\u00e3o dos alunos no curso de Forma\u00e7\u00e3o Inicial Continuada (FIC ) Produ\u00e7\u00e3o e Processamento da Mandioca, com carga hor\u00e1ria de 160 h,\u00a0 realizado no Campus Xapuri do IFAC, nesta segunda feira (07.10) alunos, profissionais de ATER e coordenadores<\/p>\n","protected":false},"author":51,"featured_media":0,"comment_status":"open","ping_status":"open","sticky":false,"template":"","format":"standard","meta":{"footnotes":""},"categories":[3,5],"tags":[],"class_list":["post-2557","post","type-post","status-publish","format-standard","hentry","category-eventos","category-noticias"],"_links":{"self":[{"href":"https:\/\/web.ifac.edu.br\/cvtagroecologia\/wp-json\/wp\/v2\/posts\/2557","targetHints":{"allow":["GET"]}}],"collection":[{"href":"https:\/\/web.ifac.edu.br\/cvtagroecologia\/wp-json\/wp\/v2\/posts"}],"about":[{"href":"https:\/\/web.ifac.edu.br\/cvtagroecologia\/wp-json\/wp\/v2\/types\/post"}],"author":[{"embeddable":true,"href":"https:\/\/web.ifac.edu.br\/cvtagroecologia\/wp-json\/wp\/v2\/users\/51"}],"replies":[{"embeddable":true,"href":"https:\/\/web.ifac.edu.br\/cvtagroecologia\/wp-json\/wp\/v2\/comments?post=2557"}],"version-history":[{"count":0,"href":"https:\/\/web.ifac.edu.br\/cvtagroecologia\/wp-json\/wp\/v2\/posts\/2557\/revisions"}],"wp:attachment":[{"href":"https:\/\/web.ifac.edu.br\/cvtagroecologia\/wp-json\/wp\/v2\/media?parent=2557"}],"wp:term":[{"taxonomy":"category","embeddable":true,"href":"https:\/\/web.ifac.edu.br\/cvtagroecologia\/wp-json\/wp\/v2\/categories?post=2557"},{"taxonomy":"post_tag","embeddable":true,"href":"https:\/\/web.ifac.edu.br\/cvtagroecologia\/wp-json\/wp\/v2\/tags?post=2557"}],"curies":[{"name":"wp","href":"https:\/\/api.w.org\/{rel}","templated":true}]}}