{"id":2412,"date":"2018-10-17T11:36:16","date_gmt":"2018-10-17T14:36:16","guid":{"rendered":"http:\/\/web.ifac.edu.br\/cvtagroecologia\/?p=2412"},"modified":"2018-10-17T11:36:57","modified_gmt":"2018-10-17T14:36:57","slug":"pesquisa-e-apresentada-no-vii-congresso-latino-americano-de-agroecologia-no-equador","status":"publish","type":"post","link":"https:\/\/web.ifac.edu.br\/cvtagroecologia\/pesquisa-e-apresentada-no-vii-congresso-latino-americano-de-agroecologia-no-equador\/","title":{"rendered":"Pesquisa \u00e9 apresentada no VII Congresso Latino Americano de Agroecologia no Equador"},"content":{"rendered":"<p><img fetchpriority=\"high\" decoding=\"async\" class=\"aligncenter wp-image-2413 size-large\" src=\"https:\/\/web.ifac.edu.br\/cvtagroecologia\/wp-content\/uploads\/sites\/40\/2018\/10\/20181003_131412-1024x768.jpg\" alt=\"\" width=\"750\" height=\"563\" srcset=\"https:\/\/web.ifac.edu.br\/cvtagroecologia\/wp-content\/uploads\/sites\/40\/2018\/10\/20181003_131412-1024x768.jpg 1024w, https:\/\/web.ifac.edu.br\/cvtagroecologia\/wp-content\/uploads\/sites\/40\/2018\/10\/20181003_131412-300x225.jpg 300w, https:\/\/web.ifac.edu.br\/cvtagroecologia\/wp-content\/uploads\/sites\/40\/2018\/10\/20181003_131412-768x576.jpg 768w\" sizes=\"(max-width: 750px) 100vw, 750px\" \/><\/p>\n<p style=\"text-align: justify\">A professora da Universidade Federal do Acre (Ufac), Valqu\u00edria Garrote participou do VII Congresso Latino Americano de Agroecologia que ocorreu no Equador de 2 a 5 de outubro. Com a apresenta\u00e7\u00e3o parcial do Trabalho desenvolvido com o apoio do CVT dentro da proposta aprovada pelo\u00a0Edital 21\/2016\u00a0e que\u00a0\u00e9 parte integrante do\u00a0<strong>levantamento etnobot\u00e2nico das pimentas\u00a0<em>Capsicum<\/em>\u00a0em Rio Branco-Acre.<\/strong><\/p>\n<p style=\"text-align: justify\"><img decoding=\"async\" class=\"alignnone size-medium wp-image-2415 alignleft\" src=\"https:\/\/web.ifac.edu.br\/cvtagroecologia\/wp-content\/uploads\/sites\/40\/2018\/10\/GEDC7241-300x225.jpg\" alt=\"\" width=\"300\" height=\"225\" srcset=\"https:\/\/web.ifac.edu.br\/cvtagroecologia\/wp-content\/uploads\/sites\/40\/2018\/10\/GEDC7241-300x225.jpg 300w, https:\/\/web.ifac.edu.br\/cvtagroecologia\/wp-content\/uploads\/sites\/40\/2018\/10\/GEDC7241-768x576.jpg 768w, https:\/\/web.ifac.edu.br\/cvtagroecologia\/wp-content\/uploads\/sites\/40\/2018\/10\/GEDC7241-1024x768.jpg 1024w\" sizes=\"(max-width: 300px) 100vw, 300px\" \/>A pesquisa se desenvolveu a partir de entrevistas semiestruturadas, observa\u00e7\u00f5es de campo e coletas bot\u00e2nicas, aprofundando os dados j\u00e1 existentes sobre o g\u00eanero. Ao final desta pesquisa se verificou as esp\u00e9cies e variedades do g\u00eanero <em>Capsicum<\/em> existentes e cultivadas no munic\u00edpio, formas de manejo e usos.<\/p>\n<p style=\"text-align: justify\">No trabalho apresentado no Congresso foi comunicado o que se obteve como resultado sobre as pimentas comercializadas e seus usos por consumidores. Foram entrevistados 17 consumidores e 15 comerciantes, observou-se: variedades consumidas, usos e a sazonalidade da oferta. O principal uso \u00e9 o condimentar <em>in natura<\/em> e\/ou molhos, al\u00e9m do uso medicinal, a partir das folhas e frutos da pimenta malagueta (<em>C. frutescens<\/em>).<\/p>\n<p style=\"text-align: justify\">\u201cPodemos afirmar que a pimenta <em>Capsicum<\/em> possui grande potencial econ\u00f4mico, pois se trata de um produto de alto valor cultural local pelo expressivo consumo entre a popula\u00e7\u00e3o, assim como pela diversidade existente<strong>. <\/strong>Agora pretende-se a profundar nos sistemas de cultivo e manejo com parando sistemas agroecol\u00f3gicos e sistemas convencionais\u2019\u2019, ressaltou a prof. Valqu\u00edria.<\/p>\n<p style=\"text-align: justify\">Para seu desenvolvimento, o projeto contou tamb\u00e9m com bolsa da FAPAC-CNPq, tendo como bolsista Fl\u00e1via Maria Schneider e como volunt\u00e1rias H\u00e9rica Moura, ambas estudantes de gradua\u00e7\u00e3o do Curso de Engenharia Agron\u00f4mica da UFAC, assim como da Eng. Agr\u00f4noma- CVT Agroecologia Cristina S\u00e1 \u00a0e contou com a orienta\u00e7\u00e3o da Professora Valqu\u00edria Garrote e a participa\u00e7\u00e3o\/co-orienta\u00e7\u00e3o do Dr. Amauri Sivieiro, pesquisador da EMBRAPA.<\/p>\n<p>&nbsp;<\/p>\n<p><strong>O congresso<\/strong><\/p>\n<p><img decoding=\"async\" class=\"aligncenter wp-image-2421 size-large\" src=\"https:\/\/web.ifac.edu.br\/cvtagroecologia\/wp-content\/uploads\/sites\/40\/2018\/10\/WEB_PORTADA-1024x407.jpg\" alt=\"\" width=\"750\" height=\"298\" srcset=\"https:\/\/web.ifac.edu.br\/cvtagroecologia\/wp-content\/uploads\/sites\/40\/2018\/10\/WEB_PORTADA-1024x407.jpg 1024w, https:\/\/web.ifac.edu.br\/cvtagroecologia\/wp-content\/uploads\/sites\/40\/2018\/10\/WEB_PORTADA-300x119.jpg 300w, https:\/\/web.ifac.edu.br\/cvtagroecologia\/wp-content\/uploads\/sites\/40\/2018\/10\/WEB_PORTADA-768x305.jpg 768w, https:\/\/web.ifac.edu.br\/cvtagroecologia\/wp-content\/uploads\/sites\/40\/2018\/10\/WEB_PORTADA.jpg 1510w\" sizes=\"(max-width: 750px) 100vw, 750px\" \/><\/p>\n<p style=\"text-align: justify\">O Congresso Latino-americano de Agroecologia \u00e9 um espa\u00e7o de integra\u00e7\u00e3o e reflex\u00e3o sobre os \u00faltimos avan\u00e7os da agroecologia na Am\u00e9rica Latina, que se realiza cada um dos diferentes pa\u00edses da regi\u00e3o.\u00a0 Este congresso tem a particularidade de gerar espa\u00e7os para a participa\u00e7\u00e3o de diferentes atores da sociedade, a fim de realizar uma efetiva troca de conhecimentos, principalmente entre a academia e os camponeses.<\/p>\n<p style=\"text-align: justify\"><img loading=\"lazy\" decoding=\"async\" class=\"aligncenter wp-image-2426 size-full\" src=\"https:\/\/web.ifac.edu.br\/cvtagroecologia\/wp-content\/uploads\/sites\/40\/2018\/10\/1539786226684696.jpg\" alt=\"\" width=\"830\" height=\"770\" srcset=\"https:\/\/web.ifac.edu.br\/cvtagroecologia\/wp-content\/uploads\/sites\/40\/2018\/10\/1539786226684696.jpg 830w, https:\/\/web.ifac.edu.br\/cvtagroecologia\/wp-content\/uploads\/sites\/40\/2018\/10\/1539786226684696-300x278.jpg 300w, https:\/\/web.ifac.edu.br\/cvtagroecologia\/wp-content\/uploads\/sites\/40\/2018\/10\/1539786226684696-768x712.jpg 768w\" sizes=\"(max-width: 830px) 100vw, 830px\" \/>\u00a0Em sua VII edi\u00e7\u00e3o chega pela primeira vez ao Equador, em particular a Guayaquil. \u00c9 a cidade mais populosa do pa\u00eds, localizada na regi\u00e3o onde a Revolu\u00e7\u00e3o Verde foi introduzida com mais for\u00e7a. O Congresso tamb\u00e9m ser\u00e1 realizado no \u00e2mbito do Dia Mundial da Alimenta\u00e7\u00e3o e do Dia Nacional da Soberania Alimentar.<\/p>\n<p>&nbsp;<\/p>\n<p>&nbsp;<\/p>\n","protected":false},"excerpt":{"rendered":"<p>A professora da Universidade Federal do Acre (Ufac), Valqu\u00edria Garrote participou do VII Congresso Latino Americano de Agroecologia que ocorreu no Equador de 2 a 5 de outubro. Com a apresenta\u00e7\u00e3o parcial do Trabalho desenvolvido com o apoio do CVT<\/p>\n","protected":false},"author":51,"featured_media":2421,"comment_status":"open","ping_status":"open","sticky":false,"template":"","format":"standard","meta":{"footnotes":""},"categories":[3,5],"tags":[],"class_list":["post-2412","post","type-post","status-publish","format-standard","has-post-thumbnail","hentry","category-eventos","category-noticias"],"_links":{"self":[{"href":"https:\/\/web.ifac.edu.br\/cvtagroecologia\/wp-json\/wp\/v2\/posts\/2412","targetHints":{"allow":["GET"]}}],"collection":[{"href":"https:\/\/web.ifac.edu.br\/cvtagroecologia\/wp-json\/wp\/v2\/posts"}],"about":[{"href":"https:\/\/web.ifac.edu.br\/cvtagroecologia\/wp-json\/wp\/v2\/types\/post"}],"author":[{"embeddable":true,"href":"https:\/\/web.ifac.edu.br\/cvtagroecologia\/wp-json\/wp\/v2\/users\/51"}],"replies":[{"embeddable":true,"href":"https:\/\/web.ifac.edu.br\/cvtagroecologia\/wp-json\/wp\/v2\/comments?post=2412"}],"version-history":[{"count":0,"href":"https:\/\/web.ifac.edu.br\/cvtagroecologia\/wp-json\/wp\/v2\/posts\/2412\/revisions"}],"wp:featuredmedia":[{"embeddable":true,"href":"https:\/\/web.ifac.edu.br\/cvtagroecologia\/wp-json\/wp\/v2\/media\/2421"}],"wp:attachment":[{"href":"https:\/\/web.ifac.edu.br\/cvtagroecologia\/wp-json\/wp\/v2\/media?parent=2412"}],"wp:term":[{"taxonomy":"category","embeddable":true,"href":"https:\/\/web.ifac.edu.br\/cvtagroecologia\/wp-json\/wp\/v2\/categories?post=2412"},{"taxonomy":"post_tag","embeddable":true,"href":"https:\/\/web.ifac.edu.br\/cvtagroecologia\/wp-json\/wp\/v2\/tags?post=2412"}],"curies":[{"name":"wp","href":"https:\/\/api.w.org\/{rel}","templated":true}]}}