{"id":2330,"date":"2018-06-14T09:04:29","date_gmt":"2018-06-14T12:04:29","guid":{"rendered":"http:\/\/web.ifac.edu.br\/cvtagroecologia\/?p=2330"},"modified":"2018-06-14T11:21:14","modified_gmt":"2018-06-14T14:21:14","slug":"cvt-agroecologia-participa-da-semana-do-meio-ambiente-de-rio-branco","status":"publish","type":"post","link":"https:\/\/web.ifac.edu.br\/cvtagroecologia\/cvt-agroecologia-participa-da-semana-do-meio-ambiente-de-rio-branco\/","title":{"rendered":"CVT Agroecologia participa da Semana do Meio Ambiente de Rio Branco"},"content":{"rendered":"<p style=\"text-align: justify\"><img fetchpriority=\"high\" decoding=\"async\" class=\"alignnone wp-image-2348 size-full\" src=\"http:\/\/web.ifac.edu.br\/cvtagroecologia\/wp-content\/uploads\/sites\/40\/2018\/06\/IMAGEM01.jpg\" alt=\"\" width=\"465\" height=\"465\" srcset=\"https:\/\/web.ifac.edu.br\/cvtagroecologia\/wp-content\/uploads\/sites\/40\/2018\/06\/IMAGEM01.jpg 465w, https:\/\/web.ifac.edu.br\/cvtagroecologia\/wp-content\/uploads\/sites\/40\/2018\/06\/IMAGEM01-150x150.jpg 150w, https:\/\/web.ifac.edu.br\/cvtagroecologia\/wp-content\/uploads\/sites\/40\/2018\/06\/IMAGEM01-300x300.jpg 300w, https:\/\/web.ifac.edu.br\/cvtagroecologia\/wp-content\/uploads\/sites\/40\/2018\/06\/IMAGEM01-270x270.jpg 270w, https:\/\/web.ifac.edu.br\/cvtagroecologia\/wp-content\/uploads\/sites\/40\/2018\/06\/IMAGEM01-230x230.jpg 230w\" sizes=\"(max-width: 465px) 100vw, 465px\" \/><\/p>\n<p style=\"text-align: justify\">Iniciou no dia 05 de junho a Semana de Meio Ambiente de Rio Branco, realizada no Horto Florestal. Nos dias 07 e 08 de junho ocorreu a Exposi\u00e7\u00e3o Pr\u00e1ticas Sustent\u00e1veis e o lan\u00e7amento do Plano Integrado de Combate a Queimadas no Munic\u00edpio. Nesses dias tamb\u00e9m ocorreu exposi\u00e7\u00e3o e venda de artesanato e comidas t\u00edpicas.<\/p>\n<figure id=\"attachment_2331\" aria-describedby=\"caption-attachment-2331\" style=\"width: 750px\" class=\"wp-caption alignnone\"><img decoding=\"async\" class=\"wp-image-2331 size-large\" src=\"http:\/\/web.ifac.edu.br\/cvtagroecologia\/wp-content\/uploads\/sites\/40\/2018\/06\/DSC01040-1024x768.jpg\" alt=\"\" width=\"750\" height=\"563\" srcset=\"https:\/\/web.ifac.edu.br\/cvtagroecologia\/wp-content\/uploads\/sites\/40\/2018\/06\/DSC01040-1024x768.jpg 1024w, https:\/\/web.ifac.edu.br\/cvtagroecologia\/wp-content\/uploads\/sites\/40\/2018\/06\/DSC01040-300x225.jpg 300w, https:\/\/web.ifac.edu.br\/cvtagroecologia\/wp-content\/uploads\/sites\/40\/2018\/06\/DSC01040-768x576.jpg 768w\" sizes=\"(max-width: 750px) 100vw, 750px\" \/><figcaption id=\"caption-attachment-2331\" class=\"wp-caption-text\">Paola Fernanda (Secret\u00e1ria Municipal de Meio Ambiente- SEMEIA), Cristina S\u00e1 (bolsista do CVT Agroecologia) e F\u00e1tima Nascimento (SEMEIA). Fonte: acervo do CVT Agroecologia<\/figcaption><\/figure>\n<p style=\"text-align: justify\">O CVT Agroecologia participou do evento com a exposi\u00e7\u00e3o de Sementes Crioulas de feij\u00f5es e a divulga\u00e7\u00e3o de seu projeto \u201cManuten\u00e7\u00e3o dos Centros Vocacionais Tecnol\u00f3gicos de Referencia em Agroecologia e Produ\u00e7\u00e3o Org\u00e2nica do Acre\u201d, em vig\u00eancia at\u00e9 2019, que desenvolve a\u00e7\u00f5es de ensino, pesquisa e extens\u00e3o centradas no incentivo \u00e0 produ\u00e7\u00e3o agroecol\u00f3gica de esp\u00e9cies locais da agricultura familiar, como as mandiocas amarelas e pimentas <em>Capsicum <\/em>incluindo estudos de sele\u00e7\u00e3o varietal, etnobot\u00e2nica e tecnologia de alimentos no \u00e2mbito das regionais Alto e Baixo Acre.<\/p>\n<p style=\"text-align: justify\"><img decoding=\"async\" class=\"wp-image-2332 size-large aligncenter\" src=\"http:\/\/web.ifac.edu.br\/cvtagroecologia\/wp-content\/uploads\/sites\/40\/2018\/06\/20180607_142208-1024x768.jpg\" alt=\"\" width=\"750\" height=\"563\" srcset=\"https:\/\/web.ifac.edu.br\/cvtagroecologia\/wp-content\/uploads\/sites\/40\/2018\/06\/20180607_142208-1024x768.jpg 1024w, https:\/\/web.ifac.edu.br\/cvtagroecologia\/wp-content\/uploads\/sites\/40\/2018\/06\/20180607_142208-300x225.jpg 300w, https:\/\/web.ifac.edu.br\/cvtagroecologia\/wp-content\/uploads\/sites\/40\/2018\/06\/20180607_142208-768x576.jpg 768w\" sizes=\"(max-width: 750px) 100vw, 750px\" \/><\/p>\n<p style=\"text-align: justify\">Os resultados das a\u00e7\u00f5es do CVT Agroecologia foram apresentas aos estudantes de ensino fundamental e m\u00e9dio, pesquisadores e comunidade geral. Neste momento, foi apresentada a grande agrobiodiversidade de feij\u00f5es e sua import\u00e2ncia social e econ\u00f4mica para a agricultura familiar e para a Amaz\u00f4nia. O p\u00fablico teve oportunidade de conhecer as diferentes etapas de identifica\u00e7\u00e3o, resgate, multiplica\u00e7\u00e3o por meio de coletas representativas e interc\u00e2mbios a fim de se caracterizar os diferentes tipos de feij\u00f5es para multiplica\u00e7\u00e3o e contribuir para a conserva\u00e7\u00e3o dessas sementes.<\/p>\n<figure id=\"attachment_2336\" aria-describedby=\"caption-attachment-2336\" style=\"width: 750px\" class=\"wp-caption alignleft\"><img loading=\"lazy\" decoding=\"async\" class=\"wp-image-2336 size-large\" src=\"http:\/\/web.ifac.edu.br\/cvtagroecologia\/wp-content\/uploads\/sites\/40\/2018\/06\/DSC01041-1024x768.jpg\" alt=\"\" width=\"750\" height=\"563\" srcset=\"https:\/\/web.ifac.edu.br\/cvtagroecologia\/wp-content\/uploads\/sites\/40\/2018\/06\/DSC01041-1024x768.jpg 1024w, https:\/\/web.ifac.edu.br\/cvtagroecologia\/wp-content\/uploads\/sites\/40\/2018\/06\/DSC01041-300x225.jpg 300w, https:\/\/web.ifac.edu.br\/cvtagroecologia\/wp-content\/uploads\/sites\/40\/2018\/06\/DSC01041-768x576.jpg 768w\" sizes=\"(max-width: 750px) 100vw, 750px\" \/><figcaption id=\"caption-attachment-2336\" class=\"wp-caption-text\">Visita\u00e7\u00e3o dos estudantes de ensino fundamental e m\u00e9dio da rede p\u00fablica) Fonte: acervo do CVT Agroecologia<\/figcaption><\/figure>\n<figure id=\"attachment_2337\" aria-describedby=\"caption-attachment-2337\" style=\"width: 750px\" class=\"wp-caption alignnone\"><img loading=\"lazy\" decoding=\"async\" class=\"wp-image-2337 size-large\" src=\"http:\/\/web.ifac.edu.br\/cvtagroecologia\/wp-content\/uploads\/sites\/40\/2018\/06\/DSC01050-1024x768.jpg\" alt=\"\" width=\"750\" height=\"563\" srcset=\"https:\/\/web.ifac.edu.br\/cvtagroecologia\/wp-content\/uploads\/sites\/40\/2018\/06\/DSC01050-1024x768.jpg 1024w, https:\/\/web.ifac.edu.br\/cvtagroecologia\/wp-content\/uploads\/sites\/40\/2018\/06\/DSC01050-300x225.jpg 300w, https:\/\/web.ifac.edu.br\/cvtagroecologia\/wp-content\/uploads\/sites\/40\/2018\/06\/DSC01050-768x576.jpg 768w\" sizes=\"(max-width: 750px) 100vw, 750px\" \/><figcaption id=\"caption-attachment-2337\" class=\"wp-caption-text\">Visita\u00e7\u00e3o dos estudantes de ensino fundamental e m\u00e9dio da rede p\u00fablica) Fonte: acervo do CVT Agroecologia<\/figcaption><\/figure>\n<figure id=\"attachment_2338\" aria-describedby=\"caption-attachment-2338\" style=\"width: 750px\" class=\"wp-caption alignnone\"><img loading=\"lazy\" decoding=\"async\" class=\"wp-image-2338 size-large\" src=\"http:\/\/web.ifac.edu.br\/cvtagroecologia\/wp-content\/uploads\/sites\/40\/2018\/06\/20180608_084457-1024x768.jpg\" alt=\"\" width=\"750\" height=\"563\" srcset=\"https:\/\/web.ifac.edu.br\/cvtagroecologia\/wp-content\/uploads\/sites\/40\/2018\/06\/20180608_084457-1024x768.jpg 1024w, https:\/\/web.ifac.edu.br\/cvtagroecologia\/wp-content\/uploads\/sites\/40\/2018\/06\/20180608_084457-300x225.jpg 300w, https:\/\/web.ifac.edu.br\/cvtagroecologia\/wp-content\/uploads\/sites\/40\/2018\/06\/20180608_084457-768x576.jpg 768w\" sizes=\"(max-width: 750px) 100vw, 750px\" \/><figcaption id=\"caption-attachment-2338\" class=\"wp-caption-text\">Visita\u00e7\u00e3o dos estudantes de ensino fundamental e m\u00e9dio da rede p\u00fablica) Fonte: acervo do CVT Agroecologia<\/figcaption><\/figure>\n<p style=\"text-align: justify\">A Semana do Meio Ambiente envolve equipes das secretarias de Agricultura e Floresta (SAFRA), Secretaria de Estado de Meio Ambiente (SEMEIA), Servi\u00e7os Urbanos (SEMSUR) e Educa\u00e7\u00e3o (SEME), al\u00e9m de Instituto Dom Moacir (IDM), Secretaria de Estado de Desenvolvimento, da Ind\u00fastria, do Com\u00e9rcio e dos Servi\u00e7os Sustent\u00e1veis (SEDENS), Empresa de Assist\u00eancia T\u00e9cnica, Extrativista Rural do Acre (EMATER), Secretaria de Estado de Extens\u00e3o Agroflorestal e Produ\u00e7\u00e3o Familiar (SEAPROF), Comit\u00ea Chico Mendes, Instituto Federal de Educa\u00e7\u00e3o, Ci\u00eancia e Tecnologia do Acre (IFAC) e Universidade Federal do Acre (UFAC).<\/p>\n<p style=\"text-align: justify\">Segue a programa\u00e7\u00e3o:<\/p>\n<p style=\"text-align: justify\"><img loading=\"lazy\" decoding=\"async\" class=\"alignnone wp-image-2343 size-large\" src=\"http:\/\/web.ifac.edu.br\/cvtagroecologia\/wp-content\/uploads\/sites\/40\/2018\/06\/Nova_Programa\u00e7\u00e3o-830x1024.jpeg\" alt=\"\" width=\"750\" height=\"925\" srcset=\"https:\/\/web.ifac.edu.br\/cvtagroecologia\/wp-content\/uploads\/sites\/40\/2018\/06\/Nova_Programa\u00e7\u00e3o-830x1024.jpeg 830w, https:\/\/web.ifac.edu.br\/cvtagroecologia\/wp-content\/uploads\/sites\/40\/2018\/06\/Nova_Programa\u00e7\u00e3o-243x300.jpeg 243w, https:\/\/web.ifac.edu.br\/cvtagroecologia\/wp-content\/uploads\/sites\/40\/2018\/06\/Nova_Programa\u00e7\u00e3o-768x947.jpeg 768w, https:\/\/web.ifac.edu.br\/cvtagroecologia\/wp-content\/uploads\/sites\/40\/2018\/06\/Nova_Programa\u00e7\u00e3o.jpeg 1038w\" sizes=\"(max-width: 750px) 100vw, 750px\" \/><\/p>\n<p>&nbsp;<\/p>\n<p>&nbsp;<\/p>\n<p>&nbsp;<\/p>\n","protected":false},"excerpt":{"rendered":"<p>Iniciou no dia 05 de junho a Semana de Meio Ambiente de Rio Branco, realizada no Horto Florestal. Nos dias 07 e 08 de junho ocorreu a Exposi\u00e7\u00e3o Pr\u00e1ticas Sustent\u00e1veis e o lan\u00e7amento do Plano Integrado de Combate a Queimadas<\/p>\n","protected":false},"author":51,"featured_media":0,"comment_status":"open","ping_status":"open","sticky":false,"template":"","format":"standard","meta":{"footnotes":""},"categories":[3,5],"tags":[],"class_list":["post-2330","post","type-post","status-publish","format-standard","hentry","category-eventos","category-noticias"],"_links":{"self":[{"href":"https:\/\/web.ifac.edu.br\/cvtagroecologia\/wp-json\/wp\/v2\/posts\/2330","targetHints":{"allow":["GET"]}}],"collection":[{"href":"https:\/\/web.ifac.edu.br\/cvtagroecologia\/wp-json\/wp\/v2\/posts"}],"about":[{"href":"https:\/\/web.ifac.edu.br\/cvtagroecologia\/wp-json\/wp\/v2\/types\/post"}],"author":[{"embeddable":true,"href":"https:\/\/web.ifac.edu.br\/cvtagroecologia\/wp-json\/wp\/v2\/users\/51"}],"replies":[{"embeddable":true,"href":"https:\/\/web.ifac.edu.br\/cvtagroecologia\/wp-json\/wp\/v2\/comments?post=2330"}],"version-history":[{"count":0,"href":"https:\/\/web.ifac.edu.br\/cvtagroecologia\/wp-json\/wp\/v2\/posts\/2330\/revisions"}],"wp:attachment":[{"href":"https:\/\/web.ifac.edu.br\/cvtagroecologia\/wp-json\/wp\/v2\/media?parent=2330"}],"wp:term":[{"taxonomy":"category","embeddable":true,"href":"https:\/\/web.ifac.edu.br\/cvtagroecologia\/wp-json\/wp\/v2\/categories?post=2330"},{"taxonomy":"post_tag","embeddable":true,"href":"https:\/\/web.ifac.edu.br\/cvtagroecologia\/wp-json\/wp\/v2\/tags?post=2330"}],"curies":[{"name":"wp","href":"https:\/\/api.w.org\/{rel}","templated":true}]}}