{"id":2268,"date":"2018-06-07T10:44:39","date_gmt":"2018-06-07T13:44:39","guid":{"rendered":"http:\/\/web.ifac.edu.br\/cvtagroecologia\/?p=2268"},"modified":"2018-06-12T12:03:16","modified_gmt":"2018-06-12T15:03:16","slug":"ifac-realiza-evento-em-comemoracao-ao-dia-mundial-do-meio-ambiente","status":"publish","type":"post","link":"https:\/\/web.ifac.edu.br\/cvtagroecologia\/ifac-realiza-evento-em-comemoracao-ao-dia-mundial-do-meio-ambiente\/","title":{"rendered":"Ifac realiza evento em comemora\u00e7\u00e3o ao Dia Mundial do Meio Ambiente"},"content":{"rendered":"<div id=\"content\" class=\"span9 internas\">\n<section id=\"content-section\">\n<div class=\"row-fluid\">\n<div class=\"item-page\">\n<div class=\"subtitle\">\n<p style=\"text-align: justify\"><em>A\u00e7\u00e3o tamb\u00e9m contou com assinatura de termo de coopera\u00e7\u00e3o com o Minist\u00e9rio P\u00fablico do Acre<\/em><\/p>\n<\/div>\n<\/div>\n<div class=\"direct-image direct-image-horz\" style=\"text-align: justify\">\n<div class=\"image-box\"><img decoding=\"async\" class=\"img-polaroid img-fulltext-left \" title=\"\" src=\"http:\/\/portal.ifac.edu.br\/images\/conteudo\/materias\/2018\/06-Junho\/DSC_0048-001.JPG\" alt=\"imagem sem descri\u00e7\u00e3o.\" \/><\/div>\n<\/div>\n<p style=\"text-align: justify\">Em comemora\u00e7\u00e3o ao Dia Mundial do Meio Ambiente, o Instituto Federal do Acre (Ifac) realizou, nesta ter\u00e7a-feira (05.06), evento com a presen\u00e7a de estudantes e docentes, como tamb\u00e9m de membros do Minist\u00e9rio P\u00fablico do Acre, Secretarias Estadual e Municipal do Meio Ambiente, Associa\u00e7\u00e3o SOS Amaz\u00f4nia, N\u00facleo de Estudos e Extens\u00e3o em Agroecologia e Produ\u00e7\u00e3o Org\u00e2nica do Acre (Neeacre) e Centro Vocacional Tecnol\u00f3gico de Refer\u00eancia em Agroecologia e Produ\u00e7\u00e3o Org\u00e2nica do Acre (CVT Agroecologia).<\/p>\n<p style=\"text-align: justify\"><img decoding=\"async\" src=\"http:\/\/portal.ifac.edu.br\/images\/conteudo\/materias\/2018\/06-Junho\/DSC_0131-001.JPG\" width=\"800\" \/><\/p>\n<blockquote><p><a href=\"https:\/\/www.flickr.com\/photos\/redeifac\/albums\/72157696017394541\" target=\"_blank\" rel=\"noopener noreferrer\">Mais fotos no Flickr do Ifac<\/a><\/p><\/blockquote>\n<p style=\"text-align: justify\">As atividades, que aconteceram no campus Rio Banco, fizeram parte do projeto de extens\u00e3o \u201cDia Mundial do Meio Ambiente \u00e9 todo dia\u201d, desenvolvido pela docente Ana Paula Carneiro Pinheiro. Al\u00e9m de palestras, exposi\u00e7\u00e3o de produtos feitos com materiais recicl\u00e1veis e de planta\u00e7\u00e3o de mudas, o evento tamb\u00e9m contou com a assinatura do termo de coopera\u00e7\u00e3o para elabora\u00e7\u00e3o e execu\u00e7\u00e3o da campanha Semeando Atitudes Sustent\u00e1veis. O documento foi assinado pelo Ifac, MPAC, Sema, Semeia e SOS Amaz\u00f4nia.<\/p>\n<p style=\"text-align: justify\"><img decoding=\"async\" src=\"http:\/\/portal.ifac.edu.br\/images\/conteudo\/materias\/2018\/06-Junho\/DSC_0077-001.JPG\" width=\"400\" \/><\/p>\n<p style=\"text-align: justify\">\u201cA realiza\u00e7\u00e3o deste evento, juntamente com a assinatura do termo de coopera\u00e7\u00e3o para desenvolvimento da campanha Semeando Atitudes Sustent\u00e1veis, figura muito mais do que apenas um momento de alegria para nossa institui\u00e7\u00e3o. S\u00e3o a\u00e7\u00f5es que t\u00eam o objetivo de contribuir para uma reflex\u00e3o maior. S\u00e3o momentos como este que contribuem para que a gente repense nossas atitudes, se entenda parte deste processo de mudan\u00e7a e contribua para um meio ambiente cada vez melhor\u201d, destacou a reitora do Ifac, Rosana Cavalcante dos Santos.<\/p>\n<p style=\"text-align: justify\">De acordo com a procuradora-geral do MPAC, Katia Rejane de Ara\u00fajo Rodrigues, a a\u00e7\u00e3o desenvolvida pelo Ifac, atrav\u00e9s do evento \u201cDia Mundial do Meio Ambiente \u00e9 todo dia\u201d, assim como a parceria atrav\u00e9s do termo de coopera\u00e7\u00e3o, refor\u00e7am o trabalho que vem sendo desenvolvido pela institui\u00e7\u00e3o, como tamb\u00e9m o incentivo ao processo de conscientiza\u00e7\u00e3o sobre o meio ambiente.<\/p>\n<p style=\"text-align: justify\"><img decoding=\"async\" src=\"http:\/\/portal.ifac.edu.br\/images\/conteudo\/materias\/2018\/06-Junho\/DSC_0037-001.JPG\" width=\"400\" \/><\/p>\n<p style=\"text-align: justify\">\u201cA prote\u00e7\u00e3o ao meio ambiente e a busca pelo desenvolvimento econ\u00f4mico sustent\u00e1vel constam nas principais bandeiras de defesa do Minist\u00e9rio P\u00fablico do Estado do Acre. Desejo que, atrav\u00e9s dessa campanha, possamos colher bons resultados e que, mais e mais agendas, sejam constru\u00eddas em defesa do meio ambiente e da biodiversidade em \u00e2mbito global\u201d, ressaltou K\u00e1tia Rejane.<\/p>\n<p style=\"text-align: justify\">Secret\u00e1rio estadual de Meio Ambiente (Sema), Carlos Edegar de Deus, tamb\u00e9m participou do evento e falou sobre a necessidade de se refletir sobre as a\u00e7\u00f5es praticadas em rela\u00e7\u00e3o ao meio ambiente.<\/p>\n<p style=\"text-align: justify\">\u201c\u00c9 importante que uma reflex\u00e3o individual tamb\u00e9m seja feita para que cada um identifique o que pode mudar em seu dia a dia. \u00c9 preciso pensar em atitudes que nos ajudem a melhorar nossa vida e tornar ela sustent\u00e1vel no planeta. Parabenizo ainda o Ifac pelo evento e pela iniciativa em promover o reaproveitando de res\u00edduos. Espero tamb\u00e9m que a parceria atrav\u00e9s do termo de coopera\u00e7\u00e3o possa nos unir ainda mais para melhorar o planeta\u201d, afirmou Edegar de Deus.<\/p>\n<p style=\"text-align: justify\"><strong>\u201cDia Mundial do Meio Ambiente \u00e9 todo dia\u201d<\/strong><\/p>\n<p style=\"text-align: justify\">Desenvolvido pela docente do campus Rio Branco, Ana Paula Carneiro Pinheiro, o projeto \u201cDia Mundial do Meio Ambiente \u00e9 todo dia\u201d teve in\u00edcio no dia 28 de maio e se estendeu at\u00e9 o dia 05 de junho, com a realiza\u00e7\u00e3o de palestras, exposi\u00e7\u00e3o de produtos feitos atrav\u00e9s de materiais recicl\u00e1veis e planta\u00e7\u00e3o de mudas. As atividades contaram com a participa\u00e7\u00e3o de estudantes dos campi Rio Brando e Avan\u00e7ado Baixada do Sol.<\/p>\n<p style=\"text-align: justify\"><img decoding=\"async\" src=\"http:\/\/portal.ifac.edu.br\/images\/conteudo\/materias\/2018\/06-Junho\/DSC_0163-001.JPG\" width=\"800\" \/><\/p>\n<p style=\"text-align: justify\">\u201cJunto com a professora Alcilene Oliveira Dias, realizamos um trabalho compartilhado com os estudantes do curso de Processos Escolares, do campus Rio Branco, atrav\u00e9s das disciplinas de Pr\u00e1ticas Profissionais e Educa\u00e7\u00e3o Ambiental. A partir da coleta de materiais recicl\u00e1veis conseguimos desenvolver o projeto \u201cReciclar\u201d, em que foi poss\u00edvel elaborar produtos a partir de res\u00edduos s\u00f3lidos. Al\u00e9m disso, tamb\u00e9m conseguimos desenvolver palestras e uma a\u00e7\u00e3o de arboriza\u00e7\u00e3o, que contou com a participa\u00e7\u00e3o de alunos do campus Avan\u00e7ado Baixada do Sol\u201d, explicou Ana Paulo Pinheiro.<\/p>\n<p style=\"text-align: left\">\u00a0 <img fetchpriority=\"high\" decoding=\"async\" class=\"alignnone wp-image-2277 size-medium\" src=\"http:\/\/web.ifac.edu.br\/cvtagroecologia\/wp-content\/uploads\/sites\/40\/2018\/06\/DSC00986-300x225.jpg\" alt=\"\" width=\"300\" height=\"225\" srcset=\"https:\/\/web.ifac.edu.br\/cvtagroecologia\/wp-content\/uploads\/sites\/40\/2018\/06\/DSC00986-300x225.jpg 300w, https:\/\/web.ifac.edu.br\/cvtagroecologia\/wp-content\/uploads\/sites\/40\/2018\/06\/DSC00986-768x576.jpg 768w, https:\/\/web.ifac.edu.br\/cvtagroecologia\/wp-content\/uploads\/sites\/40\/2018\/06\/DSC00986-1024x768.jpg 1024w\" sizes=\"(max-width: 300px) 100vw, 300px\" \/> <img decoding=\"async\" class=\"alignnone wp-image-2324 size-medium\" src=\"http:\/\/web.ifac.edu.br\/cvtagroecologia\/wp-content\/uploads\/sites\/40\/2018\/06\/DSC01008-1-300x225.jpg\" alt=\"\" width=\"300\" height=\"225\" srcset=\"https:\/\/web.ifac.edu.br\/cvtagroecologia\/wp-content\/uploads\/sites\/40\/2018\/06\/DSC01008-1-300x225.jpg 300w, https:\/\/web.ifac.edu.br\/cvtagroecologia\/wp-content\/uploads\/sites\/40\/2018\/06\/DSC01008-1-768x576.jpg 768w, https:\/\/web.ifac.edu.br\/cvtagroecologia\/wp-content\/uploads\/sites\/40\/2018\/06\/DSC01008-1-1024x768.jpg 1024w\" sizes=\"(max-width: 300px) 100vw, 300px\" \/> <img decoding=\"async\" class=\"alignnone size-medium wp-image-2288\" src=\"http:\/\/web.ifac.edu.br\/cvtagroecologia\/wp-content\/uploads\/sites\/40\/2018\/06\/DSC00998-300x225.jpg\" alt=\"\" width=\"300\" height=\"225\" srcset=\"https:\/\/web.ifac.edu.br\/cvtagroecologia\/wp-content\/uploads\/sites\/40\/2018\/06\/DSC00998-300x225.jpg 300w, https:\/\/web.ifac.edu.br\/cvtagroecologia\/wp-content\/uploads\/sites\/40\/2018\/06\/DSC00998-768x576.jpg 768w, https:\/\/web.ifac.edu.br\/cvtagroecologia\/wp-content\/uploads\/sites\/40\/2018\/06\/DSC00998-1024x768.jpg 1024w\" sizes=\"(max-width: 300px) 100vw, 300px\" \/>\u00a0<img loading=\"lazy\" decoding=\"async\" class=\"alignnone size-medium wp-image-2311\" src=\"http:\/\/web.ifac.edu.br\/cvtagroecologia\/wp-content\/uploads\/sites\/40\/2018\/06\/DSC01021-300x225.jpg\" alt=\"\" width=\"300\" height=\"225\" srcset=\"https:\/\/web.ifac.edu.br\/cvtagroecologia\/wp-content\/uploads\/sites\/40\/2018\/06\/DSC01021-300x225.jpg 300w, https:\/\/web.ifac.edu.br\/cvtagroecologia\/wp-content\/uploads\/sites\/40\/2018\/06\/DSC01021-768x576.jpg 768w, https:\/\/web.ifac.edu.br\/cvtagroecologia\/wp-content\/uploads\/sites\/40\/2018\/06\/DSC01021-1024x768.jpg 1024w\" sizes=\"(max-width: 300px) 100vw, 300px\" \/>\u00a0<img loading=\"lazy\" decoding=\"async\" class=\"alignnone size-medium wp-image-2284\" src=\"http:\/\/web.ifac.edu.br\/cvtagroecologia\/wp-content\/uploads\/sites\/40\/2018\/06\/DSC00994-300x225.jpg\" alt=\"\" width=\"300\" height=\"225\" srcset=\"https:\/\/web.ifac.edu.br\/cvtagroecologia\/wp-content\/uploads\/sites\/40\/2018\/06\/DSC00994-300x225.jpg 300w, https:\/\/web.ifac.edu.br\/cvtagroecologia\/wp-content\/uploads\/sites\/40\/2018\/06\/DSC00994-768x576.jpg 768w, https:\/\/web.ifac.edu.br\/cvtagroecologia\/wp-content\/uploads\/sites\/40\/2018\/06\/DSC00994-1024x768.jpg 1024w\" sizes=\"(max-width: 300px) 100vw, 300px\" \/>\u00a0<img loading=\"lazy\" decoding=\"async\" class=\"alignnone size-medium wp-image-2299\" src=\"http:\/\/web.ifac.edu.br\/cvtagroecologia\/wp-content\/uploads\/sites\/40\/2018\/06\/DSC01009-300x225.jpg\" alt=\"\" width=\"300\" height=\"225\" srcset=\"https:\/\/web.ifac.edu.br\/cvtagroecologia\/wp-content\/uploads\/sites\/40\/2018\/06\/DSC01009-300x225.jpg 300w, https:\/\/web.ifac.edu.br\/cvtagroecologia\/wp-content\/uploads\/sites\/40\/2018\/06\/DSC01009-768x576.jpg 768w, https:\/\/web.ifac.edu.br\/cvtagroecologia\/wp-content\/uploads\/sites\/40\/2018\/06\/DSC01009-1024x768.jpg 1024w\" sizes=\"(max-width: 300px) 100vw, 300px\" \/> \u00a0<img loading=\"lazy\" decoding=\"async\" class=\"alignnone size-medium wp-image-2316\" src=\"http:\/\/web.ifac.edu.br\/cvtagroecologia\/wp-content\/uploads\/sites\/40\/2018\/06\/DSC01027-300x225.jpg\" alt=\"\" width=\"300\" height=\"225\" srcset=\"https:\/\/web.ifac.edu.br\/cvtagroecologia\/wp-content\/uploads\/sites\/40\/2018\/06\/DSC01027-300x225.jpg 300w, https:\/\/web.ifac.edu.br\/cvtagroecologia\/wp-content\/uploads\/sites\/40\/2018\/06\/DSC01027-768x576.jpg 768w, https:\/\/web.ifac.edu.br\/cvtagroecologia\/wp-content\/uploads\/sites\/40\/2018\/06\/DSC01027-1024x768.jpg 1024w\" sizes=\"(max-width: 300px) 100vw, 300px\" \/> <img loading=\"lazy\" decoding=\"async\" class=\"alignnone size-medium wp-image-2320\" src=\"http:\/\/web.ifac.edu.br\/cvtagroecologia\/wp-content\/uploads\/sites\/40\/2018\/06\/DSC01031-300x225.jpg\" alt=\"\" width=\"300\" height=\"225\" srcset=\"https:\/\/web.ifac.edu.br\/cvtagroecologia\/wp-content\/uploads\/sites\/40\/2018\/06\/DSC01031-300x225.jpg 300w, https:\/\/web.ifac.edu.br\/cvtagroecologia\/wp-content\/uploads\/sites\/40\/2018\/06\/DSC01031-768x576.jpg 768w, https:\/\/web.ifac.edu.br\/cvtagroecologia\/wp-content\/uploads\/sites\/40\/2018\/06\/DSC01031-1024x768.jpg 1024w\" sizes=\"(max-width: 300px) 100vw, 300px\" \/><\/p>\n<p style=\"text-align: justify\">Tamb\u00e9m participaram do projeto \u201cDia Mundial do Meio Ambiente \u00e9 todo dia\u201d, o N\u00facleo de Estudos e Extens\u00e3o em Agroecologia e Produ\u00e7\u00e3o Org\u00e2nica do Acre (Neeacre) e Centro Vocacional Tecnol\u00f3gico de Refer\u00eancia em Agroecologia e Produ\u00e7\u00e3o Org\u00e2nica do Acre (CVT Agroecologia).<\/p>\n<\/div>\n<\/section>\n<\/div>\n<p style=\"text-align: justify\"><a href=\"http:\/\/portal.ifac.edu.br\/ultimas-noticias\/72-campus-rio-branco\/1575-ifac-realiza-evento-em-comemora%C3%A7%C3%A3o-ao-dia-mundial-do-meio-ambiente-2.html\">Fonte:http:\/\/portal.ifac.edu.br\/ultimas-noticias\/72-campus-rio-branco\/1575-ifac-realiza-evento-em-comemora%C3%A7%C3%A3o-ao-dia-mundial-do-meio-ambiente-2.html<\/a><\/p>\n","protected":false},"excerpt":{"rendered":"<p>A\u00e7\u00e3o tamb\u00e9m contou com assinatura de termo de coopera\u00e7\u00e3o com o Minist\u00e9rio P\u00fablico do Acre Em comemora\u00e7\u00e3o ao Dia Mundial do Meio Ambiente, o Instituto Federal do Acre (Ifac) realizou, nesta ter\u00e7a-feira (05.06), evento com a presen\u00e7a de estudantes e<\/p>\n","protected":false},"author":51,"featured_media":0,"comment_status":"open","ping_status":"open","sticky":false,"template":"","format":"standard","meta":{"footnotes":""},"categories":[3,4,5],"tags":[],"class_list":["post-2268","post","type-post","status-publish","format-standard","hentry","category-eventos","category-fotos","category-noticias"],"_links":{"self":[{"href":"https:\/\/web.ifac.edu.br\/cvtagroecologia\/wp-json\/wp\/v2\/posts\/2268","targetHints":{"allow":["GET"]}}],"collection":[{"href":"https:\/\/web.ifac.edu.br\/cvtagroecologia\/wp-json\/wp\/v2\/posts"}],"about":[{"href":"https:\/\/web.ifac.edu.br\/cvtagroecologia\/wp-json\/wp\/v2\/types\/post"}],"author":[{"embeddable":true,"href":"https:\/\/web.ifac.edu.br\/cvtagroecologia\/wp-json\/wp\/v2\/users\/51"}],"replies":[{"embeddable":true,"href":"https:\/\/web.ifac.edu.br\/cvtagroecologia\/wp-json\/wp\/v2\/comments?post=2268"}],"version-history":[{"count":0,"href":"https:\/\/web.ifac.edu.br\/cvtagroecologia\/wp-json\/wp\/v2\/posts\/2268\/revisions"}],"wp:attachment":[{"href":"https:\/\/web.ifac.edu.br\/cvtagroecologia\/wp-json\/wp\/v2\/media?parent=2268"}],"wp:term":[{"taxonomy":"category","embeddable":true,"href":"https:\/\/web.ifac.edu.br\/cvtagroecologia\/wp-json\/wp\/v2\/categories?post=2268"},{"taxonomy":"post_tag","embeddable":true,"href":"https:\/\/web.ifac.edu.br\/cvtagroecologia\/wp-json\/wp\/v2\/tags?post=2268"}],"curies":[{"name":"wp","href":"https:\/\/api.w.org\/{rel}","templated":true}]}}