{"id":2101,"date":"2018-04-02T15:18:40","date_gmt":"2018-04-02T15:18:40","guid":{"rendered":"http:\/\/web.ifac.edu.br\/cvtagroecologia\/?p=2101"},"modified":"2018-06-04T16:20:10","modified_gmt":"2018-06-04T19:20:10","slug":"projeto-de-manutencao-de-cvt-e-aprovado-pelo-cnpq","status":"publish","type":"post","link":"https:\/\/web.ifac.edu.br\/cvtagroecologia\/projeto-de-manutencao-de-cvt-e-aprovado-pelo-cnpq\/","title":{"rendered":"Projeto de manuten\u00e7\u00e3o de CVT \u00e9 aprovado pelo CNPq"},"content":{"rendered":"<p><em>CHAMADA MCTIC\/MAPA\/MEC\/SEAD\/CNPq \u2013 Edital 21\/2016 d) Linha 4: Manuten\u00e7\u00e3o de Centro Vocacional Tecnol\u00f3gico de Agroecologia e Produ\u00e7\u00e3o Org\u00e2nica (CVT).<\/em><\/p>\n<p>&nbsp;<\/p>\n<p class=\"alignnone\"><a href=\"http:\/\/web.ifac.edu.br\/cvtagroecologia\/wp-content\/uploads\/sites\/40\/2018\/04\/logoCVT-1024x413.jpg\"><img fetchpriority=\"high\" decoding=\"async\" class=\"alignnone wp-image-2142 size-large\" src=\"http:\/\/web.ifac.edu.br\/cvtagroecologia\/wp-content\/uploads\/sites\/40\/2018\/04\/logoCVT-1024x413.jpg\" alt=\"logoCVT\" width=\"750\" height=\"302\" \/><\/a><\/p>\n<p>A presente proposta tem como objetivo principal possibilitar a manuten\u00e7\u00e3o do Centro Vocacional Tecnol\u00f3gico de Refer\u00eancia em Agroecologia e Produ\u00e7\u00e3o Org\u00e2nica do Acre \u2013 CVT Agroecologia Acre. Este projeto de manuten\u00e7\u00e3o do CVT Agroecologia Acre dar\u00e1 continuidade a miss\u00e3o assumida em 2012 de ser um centro de refer\u00eancia para o desenvolvimento rural sustent\u00e1vel gera\u00e7\u00e3o e de difus\u00e3o dos conhecimentos e pr\u00e1ticas de produ\u00e7\u00e3o org\u00e2nica e de base agroecol\u00f3gica no Acre.<\/p>\n<p>O fortalecimento do CVT Agroecologia Acre se dar\u00e1 por meio do desenvolvimento de atividades de extens\u00e3o tecnol\u00f3gica, pesquisa cient\u00edfica e educa\u00e7\u00e3o profissional na \u00e1rea de agroecologia e produ\u00e7\u00e3o de org\u00e2nica de alimentos a serem desenvolvidas nas regionais Alto e Baixo Acre contemplando sete munic\u00edpios das regionais Alto e Baixo Acre, tr\u00eas unidades educacionais do IFAC Rio Branco e Xapuri.<\/p>\n<p>A presente proposta a ser executada consta de atividades a serem desenvolvidas em cinco eixos tem\u00e1ticos contemplados nos seguintes planos de a\u00e7\u00e3o: gest\u00e3o do CVT Agroecologia Acre incluindo a coordena\u00e7\u00e3o dos n\u00facleos de agroecologia do Acre; capacita\u00e7\u00e3o em agroecologia e produ\u00e7\u00e3o org\u00e2nica por meio de curso FIC.<\/p>\n<p>Tamb\u00e9m ocorrer\u00e3o extens\u00e3o em agroecologia produ\u00e7\u00e3o org\u00e2nica via interc\u00e2mbios de agricultores e estudantes promovendo troca de saberes;\u00a0 realiza\u00e7\u00e3o de pesquisas com produ\u00e7\u00e3o agroecol\u00f3gica de variedades mandioca e pimentas e desenvolvimento de pesquisas em s\u00f3cio econ\u00f4micas visando realizar um levantamento da produ\u00e7\u00e3o familiar agroecol\u00f3gica na regional Baixo Acre.<\/p>\n<p style=\"text-align: justify;\">\n","protected":false},"excerpt":{"rendered":"<p>CHAMADA MCTIC\/MAPA\/MEC\/SEAD\/CNPq \u2013 Edital 21\/2016 d) Linha 4: Manuten\u00e7\u00e3o de Centro Vocacional Tecnol\u00f3gico de Agroecologia e Produ\u00e7\u00e3o Org\u00e2nica (CVT). &nbsp; A presente proposta tem como objetivo principal possibilitar a manuten\u00e7\u00e3o do Centro Vocacional Tecnol\u00f3gico de Refer\u00eancia em Agroecologia e Produ\u00e7\u00e3o<\/p>\n","protected":false},"author":51,"featured_media":2136,"comment_status":"closed","ping_status":"open","sticky":false,"template":"","format":"standard","meta":{"footnotes":""},"categories":[5],"tags":[],"class_list":["post-2101","post","type-post","status-publish","format-standard","has-post-thumbnail","hentry","category-noticias"],"_links":{"self":[{"href":"https:\/\/web.ifac.edu.br\/cvtagroecologia\/wp-json\/wp\/v2\/posts\/2101","targetHints":{"allow":["GET"]}}],"collection":[{"href":"https:\/\/web.ifac.edu.br\/cvtagroecologia\/wp-json\/wp\/v2\/posts"}],"about":[{"href":"https:\/\/web.ifac.edu.br\/cvtagroecologia\/wp-json\/wp\/v2\/types\/post"}],"author":[{"embeddable":true,"href":"https:\/\/web.ifac.edu.br\/cvtagroecologia\/wp-json\/wp\/v2\/users\/51"}],"replies":[{"embeddable":true,"href":"https:\/\/web.ifac.edu.br\/cvtagroecologia\/wp-json\/wp\/v2\/comments?post=2101"}],"version-history":[{"count":0,"href":"https:\/\/web.ifac.edu.br\/cvtagroecologia\/wp-json\/wp\/v2\/posts\/2101\/revisions"}],"wp:featuredmedia":[{"embeddable":true,"href":"https:\/\/web.ifac.edu.br\/cvtagroecologia\/wp-json\/wp\/v2\/media\/2136"}],"wp:attachment":[{"href":"https:\/\/web.ifac.edu.br\/cvtagroecologia\/wp-json\/wp\/v2\/media?parent=2101"}],"wp:term":[{"taxonomy":"category","embeddable":true,"href":"https:\/\/web.ifac.edu.br\/cvtagroecologia\/wp-json\/wp\/v2\/categories?post=2101"},{"taxonomy":"post_tag","embeddable":true,"href":"https:\/\/web.ifac.edu.br\/cvtagroecologia\/wp-json\/wp\/v2\/tags?post=2101"}],"curies":[{"name":"wp","href":"https:\/\/api.w.org\/{rel}","templated":true}]}}