{"id":2084,"date":"2018-04-27T13:24:36","date_gmt":"2018-04-27T13:24:36","guid":{"rendered":"http:\/\/web.ifac.edu.br\/cvtagroecologia\/?p=2084"},"modified":"2018-04-27T13:24:36","modified_gmt":"2018-04-27T13:24:36","slug":"workshop-de-praticas-agroecologicas-tem-inicio-no-campus-baixada-do-sol","status":"publish","type":"post","link":"https:\/\/web.ifac.edu.br\/cvtagroecologia\/workshop-de-praticas-agroecologicas-tem-inicio-no-campus-baixada-do-sol\/","title":{"rendered":"Workshop de Pr\u00e1ticas Agroecol\u00f3gicas tem in\u00edcio no campus Baixada do Sol"},"content":{"rendered":"<p><em>Primeiro dia do evento contou com acolhida dos participantes, mesa redonda, reuni\u00e3o da Comiss\u00e3o da Produ\u00e7\u00e3o Org\u00e2nica do Acre; atividades ser\u00e3o realizadas at\u00e9 26 de abril<\/em><\/p>\n<p><img decoding=\"async\" src=\"http:\/\/portal.ifac.edu.br\/images\/conteudo\/materias\/2018\/04-Abril\/Workshop-de-Prticas-Agroecolgicas-4_participantes-mesa-redonda-800x533.jpg\" alt=\"\" \/><\/p>\n<p style=\"text-align: justify\">A abertura do Workshop de Pr\u00e1ticas Agroecol\u00f3gicas, realizada nessa quarta-feira (25.04), no campus\u00a0Avan\u00e7ado Baixada do Sol, do Instituto Federal do Acre (Ifac), contou com uma homenagem aos quatro elementos da natureza e apresenta\u00e7\u00e3o dos participantes, formada por agricultores, alunos, docentes e representantes de organiza\u00e7\u00f5es governamentais e n\u00e3o-governamentais.<\/p>\n<p style=\"text-align: justify\">Na abertura, a reitora do Ifac, Rosana Cavalcante dos Santos, deu boas-vindas aos participantes, destacando que a institui\u00e7\u00e3o est\u00e1 de portas abertas para receb\u00ea-los e promover a discuss\u00e3o sobre a tem\u00e1tica. O evento faz parte tamb\u00e9m dos projetos desenvolvidos na institui\u00e7\u00e3o e que contam com\u00a0financiamento de editais internos do Ifac, atrav\u00e9s da Pro-Reitoria de Extens\u00e3o (Proex) e editais externos do CNPq, atrav\u00e9s do CVT Agroecologia Acre.<\/p>\n<p style=\"text-align: justify\">\u201cEstes dois dias ser\u00e3o de troca de informa\u00e7\u00e3o sobre pr\u00e1ticas agroecol\u00f3gicas e esperamos aproximar os produtores rurais do Ifac, como institui\u00e7\u00e3o, bem como oferecer aos nossos alunos o contato com o p\u00fablico que eles ir\u00e3o se trabalhar\u201d, ressaltou Rosana Cavalcante dos Santos.<\/p>\n<p style=\"text-align: justify\"><img decoding=\"async\" class=\"alignleft\" src=\"http:\/\/portal.ifac.edu.br\/images\/conteudo\/materias\/2018\/04-Abril\/Workshop-de-Prticas-Agroecolgicas-2boas-vindas-da-reitora-800x533.jpg\" width=\"400\" \/><\/p>\n<p style=\"text-align: justify\">A reitora destacou que desde 2014 o Ifac tem assumido um papel de lideran\u00e7a na tem\u00e1tica da Agroecologia, seja com a participa\u00e7\u00e3o na Semana de Alimento Org\u00e2nico, seja atrav\u00e9s das a\u00e7\u00f5es desenvolvidas nos tr\u00eas campi que oferecem cursos t\u00e9cnicos e superiores em Agroecologia. \u201cHoje, no campus Baixada do Sol, estamos numa \u00e1rea de 30 mil metros quadrados, mas em 2020 estaremos com 450 hectares, devido a cess\u00e3o da Escola da Floresta, pelo Estado\u201d.<\/p>\n<p style=\"text-align: justify\">Sobre o evento, Rosana Cavalcante dos Santos lembrou ser muito importante para a institui\u00e7\u00e3o, a realiza\u00e7\u00e3o do workshop, cujas a\u00e7\u00f5es transcendem as salas de aula. \u201cEsse \u00e9 o nosso objetivo, a nossa miss\u00e3o: atuar, apoiar e dar o suporte necess\u00e1rio aos produtores rurais e \u00e0s institui\u00e7\u00f5es que trabalham com a produ\u00e7\u00e3o org\u00e2nica. Hoje estamos realizando a abertura de um evento que tem o apoio das organiza\u00e7\u00f5es e institui\u00e7\u00f5es que trabalham com a produ\u00e7\u00e3o de alimentos org\u00e2nicos\u201d.<\/p>\n<p style=\"text-align: justify\">Para o consultor de Conserva\u00e7\u00e3o do Programa Amaz\u00f4nia da WWF Brasil, Fl\u00e1vio Quental Rodrigues, a institui\u00e7\u00e3o faz parte de uma rede de Agroecologia que \u00e9 composta de produtores, comunidades, institui\u00e7\u00f5es governamentais e n\u00e3o-governamentais, movimentos sociais e tem a miss\u00e3o de fortalecer a sociedade civil no desenvolvimento de um projeto diferenciado para o Estado do Acre em bases agroecol\u00f3gicas.<\/p>\n<p style=\"text-align: justify\">Ele acredita que eventos como o workshop valoriza os agricultores familiares que produzem de forma org\u00e2nica, de forma artesanal e que est\u00e3o buscando uma organiza\u00e7\u00e3o social e da produ\u00e7\u00e3o at\u00e9 chegar ao p\u00fablico consumidor. \u201cA participa\u00e7\u00e3o ativa de todos os segmentos da sociedade civil, movimentos da agricultura familiar, movimento ind\u00edgena, extrativista, de jovens e das mulheres, professores e estudantes, oferece a possibilidade de avan\u00e7ar na produ\u00e7\u00e3o org\u00e2nica\u201d.<\/p>\n<p style=\"text-align: justify\"><img decoding=\"async\" class=\"alignright\" src=\"http:\/\/portal.ifac.edu.br\/images\/conteudo\/materias\/2018\/04-Abril\/Workshop-de-Prticas-Agroecolgicas-5_Gersinho-Vieira-Apurin-800x533.jpg\" width=\"400\" \/><\/p>\n<p style=\"text-align: justify\">Um dos participantes do workshop, Gersinho Vieira Apurin\u00e3, agente agroflorestal e agricultor familiar, destaca que o evento oferece a troca de experi\u00eancias. \u201c\u00c9 muito importante como ind\u00edgena, participar desses eventos, pois estamos trabalhando h\u00e1 d\u00e9cadas com produtos org\u00e2nicos. Aqui poderemos valorizar a produ\u00e7\u00e3o org\u00e2nica, porque atrav\u00e9s desse trabalho que levaremos qualidade de vida para a popula\u00e7\u00e3o. Participar desse tipo de evento contribui para a conscientiza\u00e7\u00e3o e de respeito ao meio ambiente\u201d.<\/p>\n<p style=\"text-align: justify\">A primeira atividade do Workshop foi a mesa redonda que contou com a media\u00e7\u00e3o de um representante da Pesacre e participa\u00e7\u00e3o da Associa\u00e7\u00e3o de Certifica\u00e7\u00e3o Socioparticipativa da Amaz\u00f4nia (ACS-Amaz\u00f4nia), da Amoprex, estabelecida na Reserva Extrativista Chico Mendes, de lideran\u00e7as ind\u00edgenas e da WWF Brasil. Nesta quinta-feira (26.04), as atividades seguem em um dia de campo com a visita ao grupo de agricultores org\u00e2nicos do Moreno Maia. Al\u00e9m disso, o workshop \u00e9 prepara\u00e7\u00e3o para IV ENA &#8211; Encontro Nacional de Agroecologia.<\/p>\n<p style=\"text-align: justify\">Fonte:<a href=\"http:\/\/portal.ifac.edu.br\/ultimas-noticias\/73-campus-rio-branco\/campus-avancado-baixada-do-sol\/1502-workshop-de-pr%C3%A1ticas-agroecol%C3%B3gicas-tem-in%C3%ADcio-no-campus-baixada-do-sol.html\">http:\/\/portal.ifac.edu.br\/ultimas-noticias\/73-campus-rio-branco\/campus-avancado-baixada-do-sol\/1502-workshop-de-pr%C3%A1ticas-agroecol%C3%B3gicas-tem-in%C3%ADcio-no-campus-baixada-do-sol.html<\/a><\/p>\n<p>&nbsp;<\/p>\n<p>&nbsp;<\/p>\n","protected":false},"excerpt":{"rendered":"<p>Primeiro dia do evento contou com acolhida dos participantes, mesa redonda, reuni\u00e3o da Comiss\u00e3o da Produ\u00e7\u00e3o Org\u00e2nica do Acre; atividades ser\u00e3o realizadas at\u00e9 26 de abril A abertura do Workshop de Pr\u00e1ticas Agroecol\u00f3gicas, realizada nessa quarta-feira (25.04), no campus\u00a0Avan\u00e7ado Baixada<\/p>\n","protected":false},"author":51,"featured_media":2087,"comment_status":"closed","ping_status":"open","sticky":false,"template":"","format":"standard","meta":{"footnotes":""},"categories":[3,5],"tags":[],"class_list":["post-2084","post","type-post","status-publish","format-standard","has-post-thumbnail","hentry","category-eventos","category-noticias"],"_links":{"self":[{"href":"https:\/\/web.ifac.edu.br\/cvtagroecologia\/wp-json\/wp\/v2\/posts\/2084","targetHints":{"allow":["GET"]}}],"collection":[{"href":"https:\/\/web.ifac.edu.br\/cvtagroecologia\/wp-json\/wp\/v2\/posts"}],"about":[{"href":"https:\/\/web.ifac.edu.br\/cvtagroecologia\/wp-json\/wp\/v2\/types\/post"}],"author":[{"embeddable":true,"href":"https:\/\/web.ifac.edu.br\/cvtagroecologia\/wp-json\/wp\/v2\/users\/51"}],"replies":[{"embeddable":true,"href":"https:\/\/web.ifac.edu.br\/cvtagroecologia\/wp-json\/wp\/v2\/comments?post=2084"}],"version-history":[{"count":0,"href":"https:\/\/web.ifac.edu.br\/cvtagroecologia\/wp-json\/wp\/v2\/posts\/2084\/revisions"}],"wp:featuredmedia":[{"embeddable":true,"href":"https:\/\/web.ifac.edu.br\/cvtagroecologia\/wp-json\/"}],"wp:attachment":[{"href":"https:\/\/web.ifac.edu.br\/cvtagroecologia\/wp-json\/wp\/v2\/media?parent=2084"}],"wp:term":[{"taxonomy":"category","embeddable":true,"href":"https:\/\/web.ifac.edu.br\/cvtagroecologia\/wp-json\/wp\/v2\/categories?post=2084"},{"taxonomy":"post_tag","embeddable":true,"href":"https:\/\/web.ifac.edu.br\/cvtagroecologia\/wp-json\/wp\/v2\/tags?post=2084"}],"curies":[{"name":"wp","href":"https:\/\/api.w.org\/{rel}","templated":true}]}}