{"id":2072,"date":"2018-04-24T13:48:48","date_gmt":"2018-04-24T13:48:48","guid":{"rendered":"http:\/\/web.ifac.edu.br\/cvtagroecologia\/?p=2072"},"modified":"2018-06-04T18:07:51","modified_gmt":"2018-06-04T21:07:51","slug":"ifac-prepara-workshop-de-praticas-agroecologicas","status":"publish","type":"post","link":"https:\/\/web.ifac.edu.br\/cvtagroecologia\/ifac-prepara-workshop-de-praticas-agroecologicas\/","title":{"rendered":"Ifac prepara Workshop de Pr\u00e1ticas Agroecol\u00f3gicas"},"content":{"rendered":"<p><em>Programa\u00e7\u00e3o vai incluir a primeira reuni\u00e3o ordin\u00e1ria da Comiss\u00e3o da Produ\u00e7\u00e3o Org\u00e2nica do Estado do Acre, al\u00e9m de atividades como\u00a0dia de campo, mostra de cinema e debates<\/em><\/p>\n<p><a href=\"http:\/\/web.ifac.edu.br\/cvtagroecologia\/wp-content\/uploads\/sites\/40\/2018\/04\/Workshop-agro-1024x575.jpg\"><img fetchpriority=\"high\" decoding=\"async\" class=\"alignnone size-large wp-image-2074\" src=\"http:\/\/web.ifac.edu.br\/cvtagroecologia\/wp-content\/uploads\/sites\/40\/2018\/04\/Workshop-agro-1024x575.jpg\" alt=\"\" width=\"750\" height=\"421\" \/><\/a><\/p>\n<p style=\"text-align: justify;\">O Ifac campus Baixada do Sol realizar\u00e1 um workshop de Pr\u00e1ticas Agroecol\u00f3gicas, nos dias 25 e 26 de Abril. A programa\u00e7\u00e3o vai incluir a primeira reuni\u00e3o ordin\u00e1ria da Comiss\u00e3o da Produ\u00e7\u00e3o Org\u00e2nica do Estado do Acre (CPOrg\/AC) e contar\u00e1 com a presen\u00e7a de representantes de movimentos sociais, t\u00e9cnicos que atuam em institui\u00e7\u00f5es governamentais e na sociedade civil, membros da comiss\u00e3o estadual e grupos de agricultores org\u00e2nicos e agroextrativistas ligados \u00e0 Agroecologia no Estado do Acre.<\/p>\n<p style=\"text-align: justify;\">A programa\u00e7\u00e3o do workshop, inspirada na metodologia do Encontro Nacional, prev\u00ea a realiza\u00e7\u00e3o de uma s\u00e9rie de atividades, como a feira de sabores, sabores e sementes, apresenta\u00e7\u00e3o cultural, dia de campo, mostra de cinema e debates, com momentos internos de aprofundamento de temas mobilizadores.<\/p>\n<p style=\"text-align: justify;\">O workshop de Pr\u00e1ticas Agroecol\u00f3gicas foi proposto por conta do contexto de constantes mudan\u00e7as no campo de estudos da Agroecologia, que tem no di\u00e1logo de saberes um de seus princ\u00edpios. Nesse sentido, o evento visa promover o encontro e as trocas de experi\u00eancias entre diferentes atores, al\u00e9m de ser tamb\u00e9m o espa\u00e7o preparat\u00f3rio para\u00a0<a href=\"http:\/\/enagroecologia.org.br\/\">IV Encontro Nacional de Agroecologia (IV ENA)<\/a>, que ocorrer\u00e1 em Belo Horizonte.<\/p>\n<p style=\"text-align: justify;\">As vagas do workshop ser\u00e3o voltadas para os integrantes da comiss\u00e3o estadual, representantes de movimentos sociais, t\u00e9cnicos, agricultores familiares org\u00e2nicos, ind\u00edgenas e agroextrativistas, seguindo a orienta\u00e7\u00e3o da Articula\u00e7\u00e3o Nacional de Agroecologia, que reserva as vagas 70% aos povos do campo, da floresta e das \u00e1guas, 50% \u00e0s mulheres e 30% aos jovens.<\/p>\n<p style=\"text-align: justify;\">A realiza\u00e7\u00e3o do evento conta com o apoio da Comiss\u00e3o da Produ\u00e7\u00e3o Org\u00e2nica do Estado do Acre, da Pr\u00f3-Reitoria de Extens\u00e3o do Ifac, do CVT Agroecologia e das organiza\u00e7\u00f5es n\u00e3o-governamentais WWF-Brasil e Grupo de Pesquisa e Extens\u00e3o em Sistemas Agroflorestais do Acre (Pesacre).<\/p>\n<p style=\"text-align: justify;\">\u00c9 poss\u00edvel\u00a0acompanhar o evento na\u00a0<a href=\"https:\/\/www.facebook.com\/AgroecologiaCVT\/?ref=br_rs\">fanpage do CVT Agroecologia<\/a>.<\/p>\n<p style=\"text-align: justify;\">Fonte:<a href=\"http:\/\/portal.ifac.edu.br\/ultimas-noticias\/73-campus-rio-branco\/campus-avancado-baixada-do-sol\/1498-ifac-prepara-workshop-de-pr%C3%A1ticas-agroecol%C3%B3gicas.html\">http:\/\/portal.ifac.edu.br\/ultimas-noticias\/73-campus-rio-branco\/campus-avancado-baixada-do-sol\/1498-ifac-prepara-workshop-de-pr%C3%A1ticas-agroecol%C3%B3gicas.html<\/a><\/p>\n<p>&nbsp;<\/p>\n","protected":false},"excerpt":{"rendered":"<p>Programa\u00e7\u00e3o vai incluir a primeira reuni\u00e3o ordin\u00e1ria da Comiss\u00e3o da Produ\u00e7\u00e3o Org\u00e2nica do Estado do Acre, al\u00e9m de atividades como\u00a0dia de campo, mostra de cinema e debates O Ifac campus Baixada do Sol realizar\u00e1 um workshop de Pr\u00e1ticas Agroecol\u00f3gicas, nos<\/p>\n","protected":false},"author":51,"featured_media":2074,"comment_status":"closed","ping_status":"open","sticky":false,"template":"","format":"standard","meta":{"footnotes":""},"categories":[3,5],"tags":[],"class_list":["post-2072","post","type-post","status-publish","format-standard","has-post-thumbnail","hentry","category-eventos","category-noticias"],"_links":{"self":[{"href":"https:\/\/web.ifac.edu.br\/cvtagroecologia\/wp-json\/wp\/v2\/posts\/2072","targetHints":{"allow":["GET"]}}],"collection":[{"href":"https:\/\/web.ifac.edu.br\/cvtagroecologia\/wp-json\/wp\/v2\/posts"}],"about":[{"href":"https:\/\/web.ifac.edu.br\/cvtagroecologia\/wp-json\/wp\/v2\/types\/post"}],"author":[{"embeddable":true,"href":"https:\/\/web.ifac.edu.br\/cvtagroecologia\/wp-json\/wp\/v2\/users\/51"}],"replies":[{"embeddable":true,"href":"https:\/\/web.ifac.edu.br\/cvtagroecologia\/wp-json\/wp\/v2\/comments?post=2072"}],"version-history":[{"count":0,"href":"https:\/\/web.ifac.edu.br\/cvtagroecologia\/wp-json\/wp\/v2\/posts\/2072\/revisions"}],"wp:featuredmedia":[{"embeddable":true,"href":"https:\/\/web.ifac.edu.br\/cvtagroecologia\/wp-json\/"}],"wp:attachment":[{"href":"https:\/\/web.ifac.edu.br\/cvtagroecologia\/wp-json\/wp\/v2\/media?parent=2072"}],"wp:term":[{"taxonomy":"category","embeddable":true,"href":"https:\/\/web.ifac.edu.br\/cvtagroecologia\/wp-json\/wp\/v2\/categories?post=2072"},{"taxonomy":"post_tag","embeddable":true,"href":"https:\/\/web.ifac.edu.br\/cvtagroecologia\/wp-json\/wp\/v2\/tags?post=2072"}],"curies":[{"name":"wp","href":"https:\/\/api.w.org\/{rel}","templated":true}]}}