{"id":1993,"date":"2017-05-31T14:32:39","date_gmt":"2017-05-31T14:32:39","guid":{"rendered":"http:\/\/web.ifac.edu.br\/cvtagroecologia\/?p=1993"},"modified":"2018-06-04T18:10:38","modified_gmt":"2018-06-04T21:10:38","slug":"comecam-atividades-da-semana-do-alimento-organico-e-meio-ambiente","status":"publish","type":"post","link":"https:\/\/web.ifac.edu.br\/cvtagroecologia\/comecam-atividades-da-semana-do-alimento-organico-e-meio-ambiente\/","title":{"rendered":"Come\u00e7am atividades da Semana do Alimento Org\u00e2nico e Meio Ambiente"},"content":{"rendered":"<div class=\"subtitle\">\n<p><em>Evento faz parte da Campanha Anual do Produto Org\u00e2nico organizado pela SFA\/AC e CPOrg\/<\/em><\/p>\n<\/div>\n<div class=\"direct-image direct-image-horz\">\n<div class=\"image-box\"><img fetchpriority=\"high\" decoding=\"async\" class=\"img-polaroid img-fulltext-left alignnone\" src=\"http:\/\/portal.ifac.edu.br\/images\/conteudo\/materias\/2017\/Maio\/DSC_0028_1280x853.jpg\" width=\"1280\" height=\"853\" \/><\/div>\n<\/div>\n<p style=\"text-align: justify;\">Em solenidade realizada no audit\u00f3rio da Superintend\u00eancia Federal de Agricultura, Pecu\u00e1ria e Abastecimento no Acre (SFA\/AC), nesta segunda-feira (29.05), ocorreu o lan\u00e7amento da Campanha Anual do Produto Org\u00e2nico e a abertura das atividades da 13\u00aa Semana dos Alimentos Org\u00e2nicos, organizada pela SFA\/AC e a Comiss\u00e3o da Produ\u00e7\u00e3o Org\u00e2nica no Estado do Acre CPOrg\/AC.<\/p>\n<p style=\"text-align: justify;\">O evento, que tem o Instituto Federal do Acre (IFAC) como parceiro, contou com o lan\u00e7amento do livro \u201cFeij\u00f5es do Vale do Juru\u00e1\u201d, organizado pelos professores da Universidade Federal do Acre (UFAC), Eduardo<\/p>\n<p style=\"text-align: justify;\">Pacca e Eliane Oliveira, pela reitora do IFAC, Rosana Cavalcante dos Santos, e o engenheiro da Empresa Brasileira de Pesquisa Agropecu\u00e1ria, Amauri Siviero. A obra \u00e9 a quarta publica\u00e7\u00e3o da Editora IFAC e teve como patrocinadores o CVT Agroecologia e do N\u00facleo de Agroecologia do Vale do Juru\u00e1.<\/p>\n<p style=\"text-align: justify;\">Integraram a mesa diretiva da solenidade, o superintendente da SFA\/AC, Luziel Carvalho, o coordenador substituto da CPOrg\/AC, Fl\u00e1vio Quental, a reitora do Instituto Federal do Acre (IFAC), Rosana Cavalcante dos Santos, e a representante dos produtores org\u00e2nicos no Acre, Jesu\u00edna Braga. Como convidados, integraram o evento produtores rurais, institui\u00e7\u00f5es que apoiam a iniciativa e alunos do curso de Agroecologia do campus Avan\u00e7ado Baixada do Sol.<\/p>\n<p style=\"text-align: justify;\">De acordo com a professora do IFAC, Joana Dias, que tamb\u00e9m \u00e9 uma das organizadoras do evento, a participa\u00e7\u00e3o dos alunos nas atividades refor\u00e7a o compromisso da institui\u00e7\u00e3o em promover o conhecimento. \u201cEste \u00e9 um dos pap\u00e9is do IFAC, de desenvolver o Ensino, a Pesquisa e a Extens\u00e3o, contribuindo para o fortalecimento do curso de Agroecologia, incentivando a participa\u00e7\u00e3o dos alunos nestas atividades, al\u00e9m de trocar ideias e adquirir conhecimentos\u201d.<\/p>\n<p style=\"text-align: justify;\">Aluna do 1\u00ba per\u00edodo do curso de Agroecologia, Taires Dantas, refor\u00e7a a import\u00e2ncia de participar da abertura da Semana de Alimentos Org\u00e2nicos. \u201cPrimeiro \u00e9 poss\u00edvel compreender as dificuldades do produtor org\u00e2nico, o que eles enfrentam para produzir em Rio Branco. Al\u00e9m disso, \u00e9 poss\u00edvel conhecer o que o Acre produz de alimentos org\u00e2nicos e, assim, quando estivermos no mercado de trabalho, sabermos como atuar\u201d.<\/p>\n<p style=\"text-align: justify;\"><strong>Cerim\u00f4nia<\/strong><\/p>\n<p style=\"text-align: justify;\">Superintendente da SFA\/AC, Luziel Carvalho, destacou a import\u00e2ncia da agricultura org\u00e2nica para a sa\u00fade e o bem-estar da popula\u00e7\u00e3o, al\u00e9m da necessidade de ampliar as informa\u00e7\u00f5es para a sociedade. \u201cA popula\u00e7\u00e3o tem que entender que a agricultura org\u00e2nica traz a possibilidade de consumir um produto que n\u00e3o agride a sa\u00fade, mudando a cultura de consumo de alimentos. Este \u00e9 o momento, tamb\u00e9m, de repensar como os gestores p\u00fablicos podem contribuir com pol\u00edtica voltadas para quem est\u00e1 produzindo e precisa do apoio\u201d.<\/p>\n<p style=\"text-align: justify;\">Reitora do IFAC, Rosana Cavalcante dos Santos, lembrou que a institui\u00e7\u00e3o tem realizado eventos que contribuem para a discuss\u00e3o de problemas enfrentados pelos produtores de alimentos org\u00e2nicos, como tamb\u00e9m tem socializado com os \u00f3rg\u00e3os respons\u00e1veis, para que sejam encontradas solu\u00e7\u00f5es conjuntas.<\/p>\n<p style=\"text-align: justify;\">Ela tamb\u00e9m destacou a participa\u00e7\u00e3o dos alunos do campus Avan\u00e7ado Baixada do Sol e a import\u00e2ncia de se debater sobre a alimenta\u00e7\u00e3o org\u00e2nica. \u201cO IFAC \u00e9 uma institui\u00e7\u00e3o nova no Acre, mas tem ofertado o curso de Agroecologia em tr\u00eas <em>campi<\/em>. Que esta semana possa servir para reflex\u00e3o sobre as a\u00e7\u00f5es desenvolvidas no Estado na agricultura familiar e na produ\u00e7\u00e3o de alimentos org\u00e2nicos\u201d.<\/p>\n<p style=\"text-align: justify;\"><strong>Lan\u00e7amento do livro Feij\u00f5es do Vale do Juru\u00e1<\/strong><\/p>\n<p style=\"text-align: justify;\">Durante a solenidade tamb\u00e9m foi realizado o lan\u00e7amento do livro impresso \u201cFeij\u00f5es do Vale do Juru\u00e1\u201d. De acordo com Rosana Cavalcante dos Santos, que \u00e9 uma das organizadoras da obra, este \u00e9 o primeiro livro lan\u00e7ado sobre feij\u00f5es no Acre. Ela ainda explicou que os estudos foram feitos na regi\u00e3o do Vale do Juru\u00e1, que det\u00e9m a maior biodiversidade de feij\u00f5es no Acre.<\/p>\n<p style=\"text-align: justify;\">Para o coordenador substituto da CPOrg\/AC, Flavio Quental, a iniciativa do IFAC em lan\u00e7ar o livro durante a abertura da Semana de Alimentos Org\u00e2nica \u00e9 fant\u00e1stica, pois a Agroecologia atua com o uso de esp\u00e9cies e variedades tradicionais. \u201cEsse \u00e9 um trabalho maravilhoso que est\u00e1 sendo realizado em parceria entre o IFAC e a UFAC, al\u00e9m de trazer a variedade regional trabalhada por nossos agricultores, passadas por gera\u00e7\u00f5es. O livro resgata essa trajet\u00f3ria valorizando a nossa cultura e a nossa<\/p>\n<p style=\"text-align: justify;\"><a href=\"http:\/\/web.ifac.edu.br\/cvtagroecologia\/wp-content\/uploads\/sites\/40\/2017\/06\/DSC00417-1-1024x768.jpg\"><img decoding=\"async\" class=\"alignnone size-large wp-image-2001\" src=\"http:\/\/web.ifac.edu.br\/cvtagroecologia\/wp-content\/uploads\/sites\/40\/2017\/06\/DSC00417-1-1024x768.jpg\" alt=\"DSC00417\" width=\"750\" height=\"563\" \/><\/a><\/p>\n<p style=\"text-align: justify;\"><a href=\"http:\/\/web.ifac.edu.br\/cvtagroecologia\/wp-content\/uploads\/sites\/40\/2017\/06\/DSC00420-1024x768.jpg\"><img decoding=\"async\" class=\"alignnone wp-image-1999 size-large\" src=\"http:\/\/web.ifac.edu.br\/cvtagroecologia\/wp-content\/uploads\/sites\/40\/2017\/06\/DSC00420-1024x768.jpg\" alt=\"DSC00420\" width=\"750\" height=\"563\" \/><\/a><\/p>\n<p style=\"text-align: justify;\">Fonte:<a href=\"http:\/\/portal.ifac.edu.br\/index.php?option=com_content&amp;view=article&amp;id=959:comecam-atividades-da-semana-do-alimento-organico-e-meio-ambiente-2&amp;catid=73&amp;Itemid=121\">http:\/\/portal.ifac.edu.br\/index.php?option=com_content&amp;view=article&amp;id=959:comecam-atividades-da-semana-do-alimento-organico-e-meio-ambiente-2&amp;catid=73&amp;Itemid=121<\/a><\/p>\n","protected":false},"excerpt":{"rendered":"<p>Evento faz parte da Campanha Anual do Produto Org\u00e2nico organizado pela SFA\/AC e CPOrg\/ Em solenidade realizada no audit\u00f3rio da Superintend\u00eancia Federal de Agricultura, Pecu\u00e1ria e Abastecimento no Acre (SFA\/AC), nesta segunda-feira (29.05), ocorreu o lan\u00e7amento da Campanha Anual do<\/p>\n","protected":false},"author":51,"featured_media":2004,"comment_status":"closed","ping_status":"open","sticky":false,"template":"","format":"standard","meta":{"footnotes":""},"categories":[3,5],"tags":[],"class_list":["post-1993","post","type-post","status-publish","format-standard","has-post-thumbnail","hentry","category-eventos","category-noticias"],"_links":{"self":[{"href":"https:\/\/web.ifac.edu.br\/cvtagroecologia\/wp-json\/wp\/v2\/posts\/1993","targetHints":{"allow":["GET"]}}],"collection":[{"href":"https:\/\/web.ifac.edu.br\/cvtagroecologia\/wp-json\/wp\/v2\/posts"}],"about":[{"href":"https:\/\/web.ifac.edu.br\/cvtagroecologia\/wp-json\/wp\/v2\/types\/post"}],"author":[{"embeddable":true,"href":"https:\/\/web.ifac.edu.br\/cvtagroecologia\/wp-json\/wp\/v2\/users\/51"}],"replies":[{"embeddable":true,"href":"https:\/\/web.ifac.edu.br\/cvtagroecologia\/wp-json\/wp\/v2\/comments?post=1993"}],"version-history":[{"count":0,"href":"https:\/\/web.ifac.edu.br\/cvtagroecologia\/wp-json\/wp\/v2\/posts\/1993\/revisions"}],"wp:featuredmedia":[{"embeddable":true,"href":"https:\/\/web.ifac.edu.br\/cvtagroecologia\/wp-json\/"}],"wp:attachment":[{"href":"https:\/\/web.ifac.edu.br\/cvtagroecologia\/wp-json\/wp\/v2\/media?parent=1993"}],"wp:term":[{"taxonomy":"category","embeddable":true,"href":"https:\/\/web.ifac.edu.br\/cvtagroecologia\/wp-json\/wp\/v2\/categories?post=1993"},{"taxonomy":"post_tag","embeddable":true,"href":"https:\/\/web.ifac.edu.br\/cvtagroecologia\/wp-json\/wp\/v2\/tags?post=1993"}],"curies":[{"name":"wp","href":"https:\/\/api.w.org\/{rel}","templated":true}]}}