{"id":1985,"date":"2017-05-24T19:34:03","date_gmt":"2017-05-24T19:34:03","guid":{"rendered":"http:\/\/web.ifac.edu.br\/cvtagroecologia\/?p=1985"},"modified":"2017-05-24T19:34:03","modified_gmt":"2017-05-24T19:34:03","slug":"ifac-publica-quarto-livro-impresso-pela-editora-da-instituicao","status":"publish","type":"post","link":"https:\/\/web.ifac.edu.br\/cvtagroecologia\/ifac-publica-quarto-livro-impresso-pela-editora-da-instituicao\/","title":{"rendered":"IFAC publica o livro Feij\u00f5es do Vale do Juru\u00e1 na Semana de Alimento Org\u00e2nico e Meio Ambiente"},"content":{"rendered":"<p><em>A obra \u201cFeij\u00f5es do Vale do Juru\u00e1\u201d re\u00fane informa\u00e7\u00f5es sobre tipos de feij\u00f5es produzidos em munic\u00edpios do Acre<\/em><\/p>\n<div class=\"row-fluid\">\n<p><em><img fetchpriority=\"high\" decoding=\"async\" src=\"http:\/\/portal.ifac.edu.br\/images\/conteudo\/materias\/2017\/Maio\/arte_lan%C3%A7amento_4_1280x902.jpg\" alt=\"arte lan\u00e7amento 4 1280x902\" width=\"800\" height=\"564\" \/><\/em><\/p>\n<p style=\"text-align: justify\">A Editora do Instituto Federal do Acre (IFAC) se prepara para publicar o quarto livro impresso da institui\u00e7\u00e3o. Criada em 2015, a Editora IFAC j\u00e1 lan\u00e7ou duas obras na vers\u00e3o <em>e-book<\/em> e tr\u00eas na vers\u00e3o impressa. De acordo com a diretora da Editora IFAC, Kelen Gleysse Maia, desta vez o lan\u00e7amento ser\u00e1 do exemplar \u201cFeij\u00f5es do Vale do Juru\u00e1\u201d, que traz informa\u00e7\u00f5es sobre os tipos de feij\u00f5es produzidos em cinco munic\u00edpios acreanos.<\/p>\n<p style=\"text-align: justify\">A cerim\u00f4nia de lan\u00e7amento ser\u00e1 realizada no dia 29 de maio, a partir das 10 horas, no audit\u00f3rio da Superintend\u00eancia Federal de Agricultura, Pecu\u00e1ria e Abastecimento do Acre (SFA\/AC), que fica localizado na Rodovia AC-40, 793, em Rio Branco. A publica\u00e7\u00e3o do livro faz parte das atividades da Semana de Alimentos Org\u00e2nicos e Meio Ambiente, que est\u00e1 sendo organizada pelo IFAC, por meio do campus Avan\u00e7ado Baixada do Sol.<\/p>\n<p style=\"text-align: justify\">De acordo com Kelen Maia, a publica\u00e7\u00e3o de mais uma obra pela Editora do IFAC refor\u00e7a o compromisso da institui\u00e7\u00e3o em incentivar a divulga\u00e7\u00e3o de trabalhos realizados em pesquisa, ensino e extens\u00e3o no IFAC. Segundo ela, o lan\u00e7amento do livro vai garantir tamb\u00e9m maior acesso \u00e0s informa\u00e7\u00f5es. \u201cA import\u00e2ncia do livro impresso \u00e9 que ele d\u00e1 acessibilidade para o aluno, por exemplo, que n\u00e3o tem acesso \u00e0 internet. Sabemos que muitas pessoas preferem estudar pelo livro f\u00edsico. Este \u00e9 a principal objetivo da Editora IFAC, ampliar o acesso ao conhecimento atrav\u00e9s dos dois modos de publica\u00e7\u00e3o\u201d.<\/p>\n<p style=\"text-align: justify\">A diretora da Editora IFAC destaca ainda que a obra n\u00e3o sofreu modifica\u00e7\u00f5es em rela\u00e7\u00e3o ao conte\u00fado, sendo somente adaptada para a forma impressa.<\/p>\n<p style=\"text-align: justify\"><strong>O livro<\/strong><\/p>\n<p style=\"text-align: justify\">Organizado pelos professores da Universidade Federal do Acre (UFAC), Eduardo Pacca e Eliane Oliveira, pela reitora do IFAC, Rosana Cavalcante dos Santos, e o engenheiro da Empresa Brasileira de Pesquisa Agropecu\u00e1ria, Amauri Siviero, o livro \u201cFeij\u00f5es do Vale do Juru\u00e1\u201d traz informa\u00e7\u00f5es sobre os feij\u00f5es comuns e caupi crioulos produzidos nos munic\u00edpios acreanos de Cruzeiro do Sul, Marechal Thaumaturgo, Porto Walter, M\u00e2ncio Lima e Rodrigues Alves.<\/p>\n<p style=\"text-align: justify\">O objetivo da obra \u00e9 divulgar e valorizar os cultivares tradicionais de feij\u00f5es almejando incentivar o consumo, agrega\u00e7\u00e3o de valor e, consequentemente, a conserva\u00e7\u00e3o da diversidade das unidades de produ\u00e7\u00e3o familiar.<\/p>\n<\/div>\n<div class=\"below-content\" style=\"text-align: justify\">\n<div class=\"line\"><a href=\"http:\/\/portal.ifac.edu.br\/index.php?option=com_content&amp;view=article&amp;id=944\">Fonte:http:\/\/portal.ifac.edu.br\/index.php?option=com_content&amp;view=article&amp;id=944<\/a><\/div>\n<\/div>\n<p style=\"text-align: justify\">\n<p>&nbsp;<\/p>\n","protected":false},"excerpt":{"rendered":"<p>A obra \u201cFeij\u00f5es do Vale do Juru\u00e1\u201d re\u00fane informa\u00e7\u00f5es sobre tipos de feij\u00f5es produzidos em munic\u00edpios do Acre A Editora do Instituto Federal do Acre (IFAC) se prepara para publicar o quarto livro impresso da institui\u00e7\u00e3o. Criada em 2015, a<\/p>\n","protected":false},"author":51,"featured_media":1988,"comment_status":"closed","ping_status":"open","sticky":false,"template":"","format":"standard","meta":{"footnotes":""},"categories":[3],"tags":[],"class_list":["post-1985","post","type-post","status-publish","format-standard","has-post-thumbnail","hentry","category-eventos"],"_links":{"self":[{"href":"https:\/\/web.ifac.edu.br\/cvtagroecologia\/wp-json\/wp\/v2\/posts\/1985","targetHints":{"allow":["GET"]}}],"collection":[{"href":"https:\/\/web.ifac.edu.br\/cvtagroecologia\/wp-json\/wp\/v2\/posts"}],"about":[{"href":"https:\/\/web.ifac.edu.br\/cvtagroecologia\/wp-json\/wp\/v2\/types\/post"}],"author":[{"embeddable":true,"href":"https:\/\/web.ifac.edu.br\/cvtagroecologia\/wp-json\/wp\/v2\/users\/51"}],"replies":[{"embeddable":true,"href":"https:\/\/web.ifac.edu.br\/cvtagroecologia\/wp-json\/wp\/v2\/comments?post=1985"}],"version-history":[{"count":0,"href":"https:\/\/web.ifac.edu.br\/cvtagroecologia\/wp-json\/wp\/v2\/posts\/1985\/revisions"}],"wp:featuredmedia":[{"embeddable":true,"href":"https:\/\/web.ifac.edu.br\/cvtagroecologia\/wp-json\/"}],"wp:attachment":[{"href":"https:\/\/web.ifac.edu.br\/cvtagroecologia\/wp-json\/wp\/v2\/media?parent=1985"}],"wp:term":[{"taxonomy":"category","embeddable":true,"href":"https:\/\/web.ifac.edu.br\/cvtagroecologia\/wp-json\/wp\/v2\/categories?post=1985"},{"taxonomy":"post_tag","embeddable":true,"href":"https:\/\/web.ifac.edu.br\/cvtagroecologia\/wp-json\/wp\/v2\/tags?post=1985"}],"curies":[{"name":"wp","href":"https:\/\/api.w.org\/{rel}","templated":true}]}}