{"id":1867,"date":"2015-05-11T09:17:54","date_gmt":"2015-05-11T09:17:54","guid":{"rendered":"http:\/\/web.ifac.edu.br\/cvtagroecologia\/?p=1867"},"modified":"2015-05-11T09:17:54","modified_gmt":"2015-05-11T09:17:54","slug":"construcao-da-estuda-agricola-no-campus-baixado-do-sol","status":"publish","type":"post","link":"https:\/\/web.ifac.edu.br\/cvtagroecologia\/construcao-da-estuda-agricola-no-campus-baixado-do-sol\/","title":{"rendered":"Constru\u00e7\u00e3o da estuda agr\u00edcola no Campus Baixado do Sol"},"content":{"rendered":"<p><a href=\"http:\/\/web.ifac.edu.br\/cvtagroecologia\/construcao-da-estuda-agricola-no-campus-baixado-do-sol\/attachment\/11\/\" rel=\"attachment wp-att-1873\"><img fetchpriority=\"high\" decoding=\"async\" class=\"aligncenter wp-image-1873 size-large\" src=\"http:\/\/web.ifac.edu.br\/cvtagroecologia\/wp-content\/uploads\/sites\/40\/2016\/12\/11-1024x768.jpg\" width=\"750\" height=\"563\" \/><\/a>Na \u00faltima sexta-feira dia 08 de maio, iniciou-se a instala\u00e7\u00e3o de uma estufa agr\u00edcola constru\u00edda pelo Centro Vocacional Tecnol\u00f3gico de Refer\u00eancia em Agroecologia\u00a0e Produ\u00e7\u00e3o Org\u00e2nica do Acre \u2013 CVT Agroecologia, no IFAC- Campus Baixada do Sol.<\/p>\n<p>O projeto conta com a parceria dos professores Joana Dias, Geazi Pinto e Charles Santos e o diretor de administra\u00e7\u00e3o do Campus Francisco Marcelo al\u00e9m das bolsistas do CVT- Cristina S\u00e1, Julyane Lopes e Tayna Neri.<\/p>\n<p><a href=\"http:\/\/web.ifac.edu.br\/cvtagroecologia\/construcao-da-estuda-agricola-no-campus-baixado-do-sol\/attachment\/12\/\" rel=\"attachment wp-att-1874\"><img decoding=\"async\" class=\"alignleft wp-image-1874 \" src=\"http:\/\/web.ifac.edu.br\/cvtagroecologia\/wp-content\/uploads\/sites\/40\/2016\/12\/12-300x225.jpg\" width=\"349\" height=\"262\" \/><\/a><\/p>\n<p><a href=\"http:\/\/web.ifac.edu.br\/cvtagroecologia\/construcao-da-estuda-agricola-no-campus-baixado-do-sol\/attachment\/13\/\" rel=\"attachment wp-att-1875\"><img decoding=\"async\" class=\"alignnone wp-image-1875 \" src=\"http:\/\/web.ifac.edu.br\/cvtagroecologia\/wp-content\/uploads\/sites\/40\/2016\/12\/13-300x225.jpg\" width=\"345\" height=\"259\" \/><\/a><\/p>\n<p>De estrutura simplificada, a estufa tem por finalidade proteger as plantas e experimentos contra poss\u00edveis amea\u00e7as externas, controla a entrada de luz e a temperatura interna de acordo com a entrada de radia\u00e7\u00e3o solar al\u00e9m de manter uma &#8220;organiza\u00e7\u00e3o&#8221; de maneira mais racional e compactada uma determinada planta\u00e7\u00e3o ou cultivo.<\/p>\n<p>A estufa podem ser utilizar para plantio e desenvolvimento de hortali\u00e7as quando as condi\u00e7\u00f5es ambientais n\u00e3o favorecem, colheita fora de \u00e9poca, maior controle de pragas e doen\u00e7as, economia de \u00e1gua, insumos e etc.<\/p>\n<p><a href=\"http:\/\/web.ifac.edu.br\/cvtagroecologia\/construcao-da-estuda-agricola-no-campus-baixado-do-sol\/attachment\/14\/\" rel=\"attachment wp-att-1876\"><img loading=\"lazy\" decoding=\"async\" class=\"alignleft wp-image-1876 size-medium\" src=\"http:\/\/web.ifac.edu.br\/cvtagroecologia\/wp-content\/uploads\/sites\/40\/2016\/12\/14-300x225.jpg\" width=\"300\" height=\"225\" \/><\/a><\/p>\n<p>O projeto tem como objetivo geral oferecer aos alunos do curso T\u00e9cnico em Agroecologia uma estrutura preparada onde possam ocorrer algumas aulas pr\u00e1ticas na pr\u00f3pria institui\u00e7\u00e3o, desenvolvendo o conte\u00fado visto em sala de aula para melhor aproveitamento das disciplinas e conhecimentos pr\u00e1ticos.<\/p>\n<p>&nbsp;<\/p>\n<p>&nbsp;<\/p>\n<p>&nbsp;<\/p>\n<p>&nbsp;<\/p>\n","protected":false},"excerpt":{"rendered":"<p>Na \u00faltima sexta-feira dia 08 de maio, iniciou-se a instala\u00e7\u00e3o de uma estufa agr\u00edcola constru\u00edda pelo Centro Vocacional Tecnol\u00f3gico de Refer\u00eancia em Agroecologia\u00a0e Produ\u00e7\u00e3o Org\u00e2nica do Acre \u2013 CVT Agroecologia, no IFAC- Campus Baixada do Sol. O projeto conta com<\/p>\n","protected":false},"author":51,"featured_media":1873,"comment_status":"closed","ping_status":"open","sticky":false,"template":"","format":"standard","meta":{"footnotes":""},"categories":[5],"tags":[],"class_list":["post-1867","post","type-post","status-publish","format-standard","has-post-thumbnail","hentry","category-noticias"],"_links":{"self":[{"href":"https:\/\/web.ifac.edu.br\/cvtagroecologia\/wp-json\/wp\/v2\/posts\/1867","targetHints":{"allow":["GET"]}}],"collection":[{"href":"https:\/\/web.ifac.edu.br\/cvtagroecologia\/wp-json\/wp\/v2\/posts"}],"about":[{"href":"https:\/\/web.ifac.edu.br\/cvtagroecologia\/wp-json\/wp\/v2\/types\/post"}],"author":[{"embeddable":true,"href":"https:\/\/web.ifac.edu.br\/cvtagroecologia\/wp-json\/wp\/v2\/users\/51"}],"replies":[{"embeddable":true,"href":"https:\/\/web.ifac.edu.br\/cvtagroecologia\/wp-json\/wp\/v2\/comments?post=1867"}],"version-history":[{"count":0,"href":"https:\/\/web.ifac.edu.br\/cvtagroecologia\/wp-json\/wp\/v2\/posts\/1867\/revisions"}],"wp:featuredmedia":[{"embeddable":true,"href":"https:\/\/web.ifac.edu.br\/cvtagroecologia\/wp-json\/"}],"wp:attachment":[{"href":"https:\/\/web.ifac.edu.br\/cvtagroecologia\/wp-json\/wp\/v2\/media?parent=1867"}],"wp:term":[{"taxonomy":"category","embeddable":true,"href":"https:\/\/web.ifac.edu.br\/cvtagroecologia\/wp-json\/wp\/v2\/categories?post=1867"},{"taxonomy":"post_tag","embeddable":true,"href":"https:\/\/web.ifac.edu.br\/cvtagroecologia\/wp-json\/wp\/v2\/tags?post=1867"}],"curies":[{"name":"wp","href":"https:\/\/api.w.org\/{rel}","templated":true}]}}