{"id":1741,"date":"2016-11-30T16:35:53","date_gmt":"2016-11-30T16:35:53","guid":{"rendered":"http:\/\/web.ifac.edu.br\/cvtagroecologia\/?p=1741"},"modified":"2016-11-30T16:35:53","modified_gmt":"2016-11-30T16:35:53","slug":"ifac-lanca-e-book-feijoes-do-vale-do-jurua","status":"publish","type":"post","link":"https:\/\/web.ifac.edu.br\/cvtagroecologia\/ifac-lanca-e-book-feijoes-do-vale-do-jurua\/","title":{"rendered":"IFAC lan\u00e7a e-book &#8220;Feij\u00f5es do Vale do Juru\u00e1&#8221;"},"content":{"rendered":"<p>&nbsp;<\/p>\n<p><em>Lan\u00e7amento ser\u00e1 realizado durante Mostra Viver Ci\u00eancia, em Cruzeiro do Sul<\/em><\/p>\n<p style=\"text-align: justify\"><a href=\"http:\/\/web.ifac.edu.br\/cvtagroecologia\/ifac-lanca-e-book-feijoes-do-vale-do-jurua\/livro\/\" rel=\"attachment wp-att-1742\"><img fetchpriority=\"high\" decoding=\"async\" class=\"alignleft wp-image-1742 size-large\" src=\"http:\/\/web.ifac.edu.br\/cvtagroecologia\/wp-content\/uploads\/sites\/40\/2016\/11\/livro-1024x573.jpg\" alt=\"livro\" width=\"750\" height=\"420\" \/><\/a><\/p>\n<p style=\"text-align: justify\">O Instituto Federal do Acre (IFAC), por meio da Editora IFAC, far\u00e1 o lan\u00e7amento do <em>e-book<\/em> \u201cFeij\u00f5es do Vale do Juru\u00e1\u201d, durante a Mostra Viver Ci\u00eancia, em Cruzeiro do Sul. O evento ser\u00e1 realizado no dia 29 de novembro, a partir das 10h30, na sala de Processos Escolares do campus. O livro, que compreende pesquisas realizadas sobre os feij\u00f5es produzidos nos cinco munic\u00edpios da regi\u00e3o, tamb\u00e9m faz parte das comemora\u00e7\u00f5es previstas para 2016, que \u00e9 considerado o ano internacional das leguminosas.<\/p>\n<p style=\"text-align: justify\">A obra tem como autores os professores da Universidade Federal do Acre (UFAC), Eduardo Pacca e Eliane de Oliveira,\u00a0a reitora do IFAC e doutora em Agronomia, Rosana Cavalcante dos Santos,\u00a0e ainda o pesquisador da Empresa Brasileira de Pesquisa Agropecu\u00e1ria (Embrapa), Amauri Siviero. O livro \u00e9 a quarta produ\u00e7\u00e3o finalizada pela Editora IFAC, conforme explica a diretora da unidade, Kelen Gleysse Maia.<\/p>\n<p style=\"text-align: justify\">Criada em mar\u00e7o de 2015, e tendo a equipe completa em novembro do mesmo ano, a Editora IFAC vem se consolidando como instrumento de incentivo \u00e0 divulga\u00e7\u00e3o de trabalhos realizados em pesquisa, ensino e extens\u00e3o no IFAC. De acordo com Kelen Maia, o trabalho da Editora compreende na revis\u00e3o e edi\u00e7\u00e3o dos textos, como tamb\u00e9m na diagrama\u00e7\u00e3o do material para vers\u00e3o online e impressa, e ainda o registro na Ag\u00eancia Brasileira do ISBN.<\/p>\n<p style=\"text-align: justify\">Conforme explica a diretora da Editora IFAC, das cinco propostas de livros aprovadas pelo Conselho Editorial do IFAC no ano de 2015, resta apenas uma para ser lan\u00e7ada e que se encontra em processo de revis\u00e3o. Das obras j\u00e1 produzidas pelo IFAC est\u00e3o: \u201cAgroecologia no Acre\u201d, \u201cNas fronteiras da terra prometida\u201d, \u201cSob o p\u00f4r do sol\u201d e \u201cFeij\u00f5es do Vale do Juru\u00e1\u201d.<\/p>\n<p style=\"text-align: justify\">\u201cOutras propostas de livros j\u00e1 foram apresentadas \u00e0 Editora IFAC e agora est\u00e3o passando por processo de organiza\u00e7\u00e3o. Estas ser\u00e3o avaliadas pelo Conselho Editorial do Instituto. S\u00e3o propostas de publica\u00e7\u00e3o de livros com impress\u00e3o custeada pelo pr\u00f3prio autor. A nossa expectativa \u00e9 de que no ano de 2017 tamb\u00e9m seja lan\u00e7ado edital interno para publica\u00e7\u00e3o de livros em formato digital\u201d, explica Kelen Maia.<\/p>\n<p style=\"text-align: justify\">Fonte: <a href=\"http:\/\/portal.ifac.edu.br\/index.php?option=com_content&amp;view=article&amp;id=655\">http:\/\/portal.ifac.edu.br\/index.php?option=com_content&amp;view=article&amp;id=655<\/a><\/p>\n<p style=\"text-align: justify\">\n","protected":false},"excerpt":{"rendered":"<p>&nbsp; Lan\u00e7amento ser\u00e1 realizado durante Mostra Viver Ci\u00eancia, em Cruzeiro do Sul O Instituto Federal do Acre (IFAC), por meio da Editora IFAC, far\u00e1 o lan\u00e7amento do e-book \u201cFeij\u00f5es do Vale do Juru\u00e1\u201d, durante a Mostra Viver Ci\u00eancia, em Cruzeiro<\/p>\n","protected":false},"author":51,"featured_media":1742,"comment_status":"closed","ping_status":"open","sticky":false,"template":"","format":"standard","meta":{"footnotes":""},"categories":[5],"tags":[],"class_list":["post-1741","post","type-post","status-publish","format-standard","has-post-thumbnail","hentry","category-noticias"],"_links":{"self":[{"href":"https:\/\/web.ifac.edu.br\/cvtagroecologia\/wp-json\/wp\/v2\/posts\/1741","targetHints":{"allow":["GET"]}}],"collection":[{"href":"https:\/\/web.ifac.edu.br\/cvtagroecologia\/wp-json\/wp\/v2\/posts"}],"about":[{"href":"https:\/\/web.ifac.edu.br\/cvtagroecologia\/wp-json\/wp\/v2\/types\/post"}],"author":[{"embeddable":true,"href":"https:\/\/web.ifac.edu.br\/cvtagroecologia\/wp-json\/wp\/v2\/users\/51"}],"replies":[{"embeddable":true,"href":"https:\/\/web.ifac.edu.br\/cvtagroecologia\/wp-json\/wp\/v2\/comments?post=1741"}],"version-history":[{"count":0,"href":"https:\/\/web.ifac.edu.br\/cvtagroecologia\/wp-json\/wp\/v2\/posts\/1741\/revisions"}],"wp:featuredmedia":[{"embeddable":true,"href":"https:\/\/web.ifac.edu.br\/cvtagroecologia\/wp-json\/"}],"wp:attachment":[{"href":"https:\/\/web.ifac.edu.br\/cvtagroecologia\/wp-json\/wp\/v2\/media?parent=1741"}],"wp:term":[{"taxonomy":"category","embeddable":true,"href":"https:\/\/web.ifac.edu.br\/cvtagroecologia\/wp-json\/wp\/v2\/categories?post=1741"},{"taxonomy":"post_tag","embeddable":true,"href":"https:\/\/web.ifac.edu.br\/cvtagroecologia\/wp-json\/wp\/v2\/tags?post=1741"}],"curies":[{"name":"wp","href":"https:\/\/api.w.org\/{rel}","templated":true}]}}