{"id":1734,"date":"2016-11-03T14:01:15","date_gmt":"2016-11-03T14:01:15","guid":{"rendered":"http:\/\/web.ifac.edu.br\/cvtagroecologia\/?p=1734"},"modified":"2016-11-03T14:01:15","modified_gmt":"2016-11-03T14:01:15","slug":"cvt-lanca-video-da-unidade-demonstrativa-de-referencia-de-agroecologia-na-baixada-do-sol","status":"publish","type":"post","link":"https:\/\/web.ifac.edu.br\/cvtagroecologia\/cvt-lanca-video-da-unidade-demonstrativa-de-referencia-de-agroecologia-na-baixada-do-sol\/","title":{"rendered":"CVT lan\u00e7a v\u00eddeo da unidade demonstrativa de refer\u00eancia de agroecologia na Baixada do Sol"},"content":{"rendered":"<p><iframe width=\"750\" height=\"422\" src=\"https:\/\/www.youtube.com\/embed\/8K6HNIFiD58?feature=oembed\" frameborder=\"0\" allowfullscreen><\/iframe><\/p>\n","protected":false},"excerpt":{"rendered":"","protected":false},"author":51,"featured_media":1739,"comment_status":"closed","ping_status":"open","sticky":false,"template":"","format":"standard","meta":{"footnotes":""},"categories":[5,6],"tags":[],"class_list":["post-1734","post","type-post","status-publish","format-standard","has-post-thumbnail","hentry","category-noticias","category-videos"],"_links":{"self":[{"href":"https:\/\/web.ifac.edu.br\/cvtagroecologia\/wp-json\/wp\/v2\/posts\/1734","targetHints":{"allow":["GET"]}}],"collection":[{"href":"https:\/\/web.ifac.edu.br\/cvtagroecologia\/wp-json\/wp\/v2\/posts"}],"about":[{"href":"https:\/\/web.ifac.edu.br\/cvtagroecologia\/wp-json\/wp\/v2\/types\/post"}],"author":[{"embeddable":true,"href":"https:\/\/web.ifac.edu.br\/cvtagroecologia\/wp-json\/wp\/v2\/users\/51"}],"replies":[{"embeddable":true,"href":"https:\/\/web.ifac.edu.br\/cvtagroecologia\/wp-json\/wp\/v2\/comments?post=1734"}],"version-history":[{"count":0,"href":"https:\/\/web.ifac.edu.br\/cvtagroecologia\/wp-json\/wp\/v2\/posts\/1734\/revisions"}],"wp:featuredmedia":[{"embeddable":true,"href":"https:\/\/web.ifac.edu.br\/cvtagroecologia\/wp-json\/"}],"wp:attachment":[{"href":"https:\/\/web.ifac.edu.br\/cvtagroecologia\/wp-json\/wp\/v2\/media?parent=1734"}],"wp:term":[{"taxonomy":"category","embeddable":true,"href":"https:\/\/web.ifac.edu.br\/cvtagroecologia\/wp-json\/wp\/v2\/categories?post=1734"},{"taxonomy":"post_tag","embeddable":true,"href":"https:\/\/web.ifac.edu.br\/cvtagroecologia\/wp-json\/wp\/v2\/tags?post=1734"}],"curies":[{"name":"wp","href":"https:\/\/api.w.org\/{rel}","templated":true}]}}